{"id":18060,"date":"2016-02-26T12:11:20","date_gmt":"2016-02-26T12:11:20","guid":{"rendered":"http:\/\/criteriabcn.com\/criteria-arquitecthos-rehabilita-amplia-hotel-mas-falgarona\/"},"modified":"2019-01-28T12:28:55","modified_gmt":"2019-01-28T11:28:55","slug":"criteria-arquitecthos-rehabilita-amplia-hotel-mas-falgarona","status":"publish","type":"post","link":"https:\/\/criteriabcn.com\/es\/criteria-arquitecthos-rehabilita-amplia-hotel-mas-falgarona\/","title":{"rendered":"Criteria Arquitecthos rehabilita y amplia el Hotel Mas Falgarona"},"content":{"rendered":"<p>[:<img decoding=\"async\" class=\"aligncenter size-full wp-image-17388\" src=\"http:\/\/criteriabcn.com\/wp-content\/uploads\/2016\/02\/rehabilitacion-ampliacion-hotel-mas-falgarona-00.jpg\" alt=\"rehabilitacion-ampliacion-hotel-mas-falgarona-00\" width=\"1200\" height=\"810\" \/><\/p>\n<p>El estudio de arquitectura Criteria Arquitecthos desarrolla la ampliaci\u00f3n y rehabilitaci\u00f3n del <a href=\"http:\/\/criteriabcn.com\/portfolio_page\/hotel-mas-falgarona\/\">Hotel Mas Falgarona<\/a>, una mas\u00eda del siglo XV, cerca del pueblo de Avinyonet de Puigvent\u00f3s.<\/p>\n<p>Desde Criteria Arquitecthos se trabaja con un innovador concepto de dise\u00f1o de hoteles que combina la experiencia de un consolidado equipo de arquitectura con el an\u00e1lisis de las necesidades estrat\u00e9gicas de los clientes hoteleros.<\/p>\n<p><strong>\u00abEn el marco privilegiado de una mas\u00eda del siglo XV, cerca del pueblo de Avinyonet de Puigvent\u00f3s, Criteria Arquitecthos realiza un proyecto de ampliaci\u00f3n y rehabilitaci\u00f3n para un hotel con encanto.\u00bb<\/strong><\/p>\n<p>En el Hotel Mas Falgarona se han realizado diferentes trabajos de rehabilitaci\u00f3n en distintas \u00e1reas de la antigua casona, construida en el siglo XV y convertida en hotel relais.<\/p>\n<p><img decoding=\"async\" class=\"aligncenter size-full wp-image-17389\" src=\"http:\/\/criteriabcn.com\/wp-content\/uploads\/2016\/02\/rehabilitacion-ampliacion-hotel-mas-falgarona-01.jpg\" alt=\"rehabilitacion-ampliacion-hotel-mas-falgarona-01\" width=\"1200\" height=\"900\" \/><\/p>\n<p>El proyecto ha consistido en la rehabilitaci\u00f3n de un antiguo granero para convertirlo en diez nuevas habitaciones, donde se mezclan la tradici\u00f3n con la actualidad, el encanto de lo antiguo con el confort de las \u00faltimas innovaciones. Otro de los graneros de la casa se ha reconvertido en una sala de convenciones que est\u00e1 activa durante la semana.<\/p>\n<p>Para las zonas de cocina y restaurante, se ha realizado una ampliaci\u00f3n de los espacios y se ha apostado por dotarles de nuevos espacios de luz y sombras jugando con el uso de p\u00e9rgolas y cristal.<\/p>\n<p>La iluminaci\u00f3n en un hotel adquiere un papel fundamental ya que puede influir en los sentimientos y ayuda a crear espacios \u00fanicos, particulares, personalizados y c\u00f3modos. Por ello, el estudio ha priorizado la iluminaci\u00f3n en estas zonas de manera que consigue crear una imagen y una identidad con el fin de que sean espacios \u00fanicos, confortables y elegantes, una experiencia m\u00e1s aut\u00e9ntica para los hu\u00e9spedes del hotel.<\/p>\n<p><img decoding=\"async\" class=\"aligncenter size-full wp-image-17390\" src=\"http:\/\/criteriabcn.com\/wp-content\/uploads\/2016\/02\/rehabilitacion-ampliacion-hotel-mas-falgarona-02.jpg\" alt=\"rehabilitacion-ampliacion-hotel-mas-falgarona-02\" width=\"1200\" height=\"810\" \/><\/p>\n<p><strong>\u00abEl estudio de arquitectura ha priorizado la iluminaci\u00f3n en el proyecto para ofrecer una experiencia m\u00e1s aut\u00e9ntica para los hu\u00e9spedes del hotel.\u00bb<\/strong><\/p>\n<p>El spa, la piscina interior y la sala de masajes se proyectan des del prototipo del despacho favoreciendo las vistas pero a la vez la privacidad. Se trata de espacios di\u00e1fanos y vidriados que permiten al usuario sentirse cerca de la naturaleza y del campo.<\/p>\n<p>Las nuevas construcciones se integran en el lugar respetando el entorno a trav\u00e9s de dise\u00f1o modernos y actuales.<br \/>\nEl hotel como experiencia sensorial y la Arquitectura de los Sentidos son las m\u00e1ximas prioridades que el estudio que aplica en cada uno de sus proyectos, buscando la creaci\u00f3n de emociones para los hu\u00e9spedes.<\/p>\n","protected":false},"excerpt":{"rendered":"<p>[: El estudio de arquitectura Criteria Arquitecthos desarrolla la ampliaci\u00f3n  [&#8230;]<\/p>\n","protected":false},"author":3,"featured_media":17926,"comment_status":"open","ping_status":"open","sticky":false,"template":"","format":"standard","meta":{"footnotes":""},"categories":[107,79],"tags":[],"class_list":["post-18060","post","type-post","status-publish","format-standard","has-post-thumbnail","hentry","category-hoteles-rurales-es","category-noticias-corporativas-es"],"yoast_head":"<!-- This site is optimized with the Yoast SEO plugin v24.1 - https:\/\/yoast.com\/wordpress\/plugins\/seo\/ -->\n<title>Criteria Arquitecthos rehabilita y amplia el Hotel Mas Falgarona - Criteria BCN<\/title>\n<meta name=\"robots\" content=\"index, follow, max-snippet:-1, max-image-preview:large, max-video-preview:-1\" \/>\n<link rel=\"canonical\" href=\"https:\/\/criteriabcn.com\/es\/criteria-arquitecthos-rehabilita-amplia-hotel-mas-falgarona\/\" \/>\n<meta property=\"og:locale\" content=\"es_ES\" \/>\n<meta property=\"og:type\" content=\"article\" \/>\n<meta property=\"og:title\" content=\"Criteria Arquitecthos rehabilita y amplia el Hotel Mas Falgarona - Criteria BCN\" \/>\n<meta property=\"og:description\" content=\"[: El estudio de arquitectura Criteria Arquitecthos desarrolla la ampliaci\u00f3n [...]\" \/>\n<meta property=\"og:url\" content=\"https:\/\/criteriabcn.com\/es\/criteria-arquitecthos-rehabilita-amplia-hotel-mas-falgarona\/\" \/>\n<meta property=\"og:site_name\" content=\"Criteria BCN\" \/>\n<meta property=\"article:published_time\" content=\"2016-02-26T12:11:20+00:00\" \/>\n<meta property=\"article:modified_time\" content=\"2019-01-28T11:28:55+00:00\" \/>\n<meta property=\"og:image\" content=\"https:\/\/criteriabcn.com\/wp-content\/uploads\/2016\/02\/rehabilitacion-ampliacion-hotel-mas-falgarona-01-1.jpg\" \/>\n\t<meta property=\"og:image:width\" content=\"1200\" \/>\n\t<meta property=\"og:image:height\" content=\"900\" \/>\n\t<meta property=\"og:image:type\" content=\"image\/jpeg\" \/>\n<meta name=\"author\" content=\"Criteria BCN\" \/>\n<meta name=\"twitter:card\" content=\"summary_large_image\" \/>\n<meta name=\"twitter:label1\" content=\"Escrito por\" \/>\n\t<meta name=\"twitter:data1\" content=\"Criteria BCN\" \/>\n\t<meta name=\"twitter:label2\" content=\"Tiempo de lectura\" \/>\n\t<meta name=\"twitter:data2\" content=\"2 minutos\" \/>\n<script type=\"application\/ld+json\" class=\"yoast-schema-graph\">{\"@context\":\"https:\/\/schema.org\",\"@graph\":[{\"@type\":\"WebPage\",\"@id\":\"https:\/\/criteriabcn.com\/es\/criteria-arquitecthos-rehabilita-amplia-hotel-mas-falgarona\/\",\"url\":\"https:\/\/criteriabcn.com\/es\/criteria-arquitecthos-rehabilita-amplia-hotel-mas-falgarona\/\",\"name\":\"Criteria Arquitecthos rehabilita y amplia el Hotel Mas Falgarona - Criteria BCN\",\"isPartOf\":{\"@id\":\"https:\/\/criteriabcn.com\/es\/#website\"},\"primaryImageOfPage\":{\"@id\":\"https:\/\/criteriabcn.com\/es\/criteria-arquitecthos-rehabilita-amplia-hotel-mas-falgarona\/#primaryimage\"},\"image\":{\"@id\":\"https:\/\/criteriabcn.com\/es\/criteria-arquitecthos-rehabilita-amplia-hotel-mas-falgarona\/#primaryimage\"},\"thumbnailUrl\":\"https:\/\/criteriabcn.com\/wp-content\/uploads\/2016\/02\/rehabilitacion-ampliacion-hotel-mas-falgarona-01-1.jpg\",\"datePublished\":\"2016-02-26T12:11:20+00:00\",\"dateModified\":\"2019-01-28T11:28:55+00:00\",\"author\":{\"@id\":\"https:\/\/criteriabcn.com\/es\/#\/schema\/person\/9c2e62661035d54d9a5f018e80db749f\"},\"breadcrumb\":{\"@id\":\"https:\/\/criteriabcn.com\/es\/criteria-arquitecthos-rehabilita-amplia-hotel-mas-falgarona\/#breadcrumb\"},\"inLanguage\":\"es\",\"potentialAction\":[{\"@type\":\"ReadAction\",\"target\":[\"https:\/\/criteriabcn.com\/es\/criteria-arquitecthos-rehabilita-amplia-hotel-mas-falgarona\/\"]}]},{\"@type\":\"ImageObject\",\"inLanguage\":\"es\",\"@id\":\"https:\/\/criteriabcn.com\/es\/criteria-arquitecthos-rehabilita-amplia-hotel-mas-falgarona\/#primaryimage\",\"url\":\"https:\/\/criteriabcn.com\/wp-content\/uploads\/2016\/02\/rehabilitacion-ampliacion-hotel-mas-falgarona-01-1.jpg\",\"contentUrl\":\"https:\/\/criteriabcn.com\/wp-content\/uploads\/2016\/02\/rehabilitacion-ampliacion-hotel-mas-falgarona-01-1.jpg\",\"width\":1200,\"height\":900},{\"@type\":\"BreadcrumbList\",\"@id\":\"https:\/\/criteriabcn.com\/es\/criteria-arquitecthos-rehabilita-amplia-hotel-mas-falgarona\/#breadcrumb\",\"itemListElement\":[{\"@type\":\"ListItem\",\"position\":1,\"name\":\"Inici\",\"item\":\"https:\/\/criteriabcn.com\/es\/\"},{\"@type\":\"ListItem\",\"position\":2,\"name\":\"Criteria Arquitecthos rehabilita y amplia el Hotel Mas Falgarona\"}]},{\"@type\":\"WebSite\",\"@id\":\"https:\/\/criteriabcn.com\/es\/#website\",\"url\":\"https:\/\/criteriabcn.com\/es\/\",\"name\":\"Criteria BCN\",\"description\":\"La arquitectura de los sentidos\",\"potentialAction\":[{\"@type\":\"SearchAction\",\"target\":{\"@type\":\"EntryPoint\",\"urlTemplate\":\"https:\/\/criteriabcn.com\/es\/?s={search_term_string}\"},\"query-input\":{\"@type\":\"PropertyValueSpecification\",\"valueRequired\":true,\"valueName\":\"search_term_string\"}}],\"inLanguage\":\"es\"},{\"@type\":\"Person\",\"@id\":\"https:\/\/criteriabcn.com\/es\/#\/schema\/person\/9c2e62661035d54d9a5f018e80db749f\",\"name\":\"Criteria BCN\",\"image\":{\"@type\":\"ImageObject\",\"inLanguage\":\"es\",\"@id\":\"https:\/\/criteriabcn.com\/es\/#\/schema\/person\/image\/\",\"url\":\"https:\/\/secure.gravatar.com\/avatar\/99ea266d430ad5f71557f1534a5f4b00?s=96&d=mm&r=g\",\"contentUrl\":\"https:\/\/secure.gravatar.com\/avatar\/99ea266d430ad5f71557f1534a5f4b00?s=96&d=mm&r=g\",\"caption\":\"Criteria BCN\"},\"url\":\"https:\/\/criteriabcn.com\/es\/author\/criteriabcn\/\"}]}<\/script>\n<!-- \/ Yoast SEO plugin. -->","yoast_head_json":{"title":"Criteria Arquitecthos rehabilita y amplia el Hotel Mas Falgarona - Criteria BCN","robots":{"index":"index","follow":"follow","max-snippet":"max-snippet:-1","max-image-preview":"max-image-preview:large","max-video-preview":"max-video-preview:-1"},"canonical":"https:\/\/criteriabcn.com\/es\/criteria-arquitecthos-rehabilita-amplia-hotel-mas-falgarona\/","og_locale":"es_ES","og_type":"article","og_title":"Criteria Arquitecthos rehabilita y amplia el Hotel Mas Falgarona - Criteria BCN","og_description":"[: El estudio de arquitectura Criteria Arquitecthos desarrolla la ampliaci\u00f3n [...]","og_url":"https:\/\/criteriabcn.com\/es\/criteria-arquitecthos-rehabilita-amplia-hotel-mas-falgarona\/","og_site_name":"Criteria BCN","article_published_time":"2016-02-26T12:11:20+00:00","article_modified_time":"2019-01-28T11:28:55+00:00","og_image":[{"width":1200,"height":900,"url":"https:\/\/criteriabcn.com\/wp-content\/uploads\/2016\/02\/rehabilitacion-ampliacion-hotel-mas-falgarona-01-1.jpg","type":"image\/jpeg"}],"author":"Criteria BCN","twitter_card":"summary_large_image","twitter_misc":{"Escrito por":"Criteria BCN","Tiempo de lectura":"2 minutos"},"schema":{"@context":"https:\/\/schema.org","@graph":[{"@type":"WebPage","@id":"https:\/\/criteriabcn.com\/es\/criteria-arquitecthos-rehabilita-amplia-hotel-mas-falgarona\/","url":"https:\/\/criteriabcn.com\/es\/criteria-arquitecthos-rehabilita-amplia-hotel-mas-falgarona\/","name":"Criteria Arquitecthos rehabilita y amplia el Hotel Mas Falgarona - Criteria BCN","isPartOf":{"@id":"https:\/\/criteriabcn.com\/es\/#website"},"primaryImageOfPage":{"@id":"https:\/\/criteriabcn.com\/es\/criteria-arquitecthos-rehabilita-amplia-hotel-mas-falgarona\/#primaryimage"},"image":{"@id":"https:\/\/criteriabcn.com\/es\/criteria-arquitecthos-rehabilita-amplia-hotel-mas-falgarona\/#primaryimage"},"thumbnailUrl":"https:\/\/criteriabcn.com\/wp-content\/uploads\/2016\/02\/rehabilitacion-ampliacion-hotel-mas-falgarona-01-1.jpg","datePublished":"2016-02-26T12:11:20+00:00","dateModified":"2019-01-28T11:28:55+00:00","author":{"@id":"https:\/\/criteriabcn.com\/es\/#\/schema\/person\/9c2e62661035d54d9a5f018e80db749f"},"breadcrumb":{"@id":"https:\/\/criteriabcn.com\/es\/criteria-arquitecthos-rehabilita-amplia-hotel-mas-falgarona\/#breadcrumb"},"inLanguage":"es","potentialAction":[{"@type":"ReadAction","target":["https:\/\/criteriabcn.com\/es\/criteria-arquitecthos-rehabilita-amplia-hotel-mas-falgarona\/"]}]},{"@type":"ImageObject","inLanguage":"es","@id":"https:\/\/criteriabcn.com\/es\/criteria-arquitecthos-rehabilita-amplia-hotel-mas-falgarona\/#primaryimage","url":"https:\/\/criteriabcn.com\/wp-content\/uploads\/2016\/02\/rehabilitacion-ampliacion-hotel-mas-falgarona-01-1.jpg","contentUrl":"https:\/\/criteriabcn.com\/wp-content\/uploads\/2016\/02\/rehabilitacion-ampliacion-hotel-mas-falgarona-01-1.jpg","width":1200,"height":900},{"@type":"BreadcrumbList","@id":"https:\/\/criteriabcn.com\/es\/criteria-arquitecthos-rehabilita-amplia-hotel-mas-falgarona\/#breadcrumb","itemListElement":[{"@type":"ListItem","position":1,"name":"Inici","item":"https:\/\/criteriabcn.com\/es\/"},{"@type":"ListItem","position":2,"name":"Criteria Arquitecthos rehabilita y amplia el Hotel Mas Falgarona"}]},{"@type":"WebSite","@id":"https:\/\/criteriabcn.com\/es\/#website","url":"https:\/\/criteriabcn.com\/es\/","name":"Criteria BCN","description":"La arquitectura de los sentidos","potentialAction":[{"@type":"SearchAction","target":{"@type":"EntryPoint","urlTemplate":"https:\/\/criteriabcn.com\/es\/?s={search_term_string}"},"query-input":{"@type":"PropertyValueSpecification","valueRequired":true,"valueName":"search_term_string"}}],"inLanguage":"es"},{"@type":"Person","@id":"https:\/\/criteriabcn.com\/es\/#\/schema\/person\/9c2e62661035d54d9a5f018e80db749f","name":"Criteria BCN","image":{"@type":"ImageObject","inLanguage":"es","@id":"https:\/\/criteriabcn.com\/es\/#\/schema\/person\/image\/","url":"https:\/\/secure.gravatar.com\/avatar\/99ea266d430ad5f71557f1534a5f4b00?s=96&d=mm&r=g","contentUrl":"https:\/\/secure.gravatar.com\/avatar\/99ea266d430ad5f71557f1534a5f4b00?s=96&d=mm&r=g","caption":"Criteria BCN"},"url":"https:\/\/criteriabcn.com\/es\/author\/criteriabcn\/"}]}},"_links":{"self":[{"href":"https:\/\/criteriabcn.com\/es\/wp-json\/wp\/v2\/posts\/18060","targetHints":{"allow":["GET"]}}],"collection":[{"href":"https:\/\/criteriabcn.com\/es\/wp-json\/wp\/v2\/posts"}],"about":[{"href":"https:\/\/criteriabcn.com\/es\/wp-json\/wp\/v2\/types\/post"}],"author":[{"embeddable":true,"href":"https:\/\/criteriabcn.com\/es\/wp-json\/wp\/v2\/users\/3"}],"replies":[{"embeddable":true,"href":"https:\/\/criteriabcn.com\/es\/wp-json\/wp\/v2\/comments?post=18060"}],"version-history":[{"count":1,"href":"https:\/\/criteriabcn.com\/es\/wp-json\/wp\/v2\/posts\/18060\/revisions"}],"predecessor-version":[{"id":18065,"href":"https:\/\/criteriabcn.com\/es\/wp-json\/wp\/v2\/posts\/18060\/revisions\/18065"}],"wp:featuredmedia":[{"embeddable":true,"href":"https:\/\/criteriabcn.com\/es\/wp-json\/wp\/v2\/media\/17926"}],"wp:attachment":[{"href":"https:\/\/criteriabcn.com\/es\/wp-json\/wp\/v2\/media?parent=18060"}],"wp:term":[{"taxonomy":"category","embeddable":true,"href":"https:\/\/criteriabcn.com\/es\/wp-json\/wp\/v2\/categories?post=18060"},{"taxonomy":"post_tag","embeddable":true,"href":"https:\/\/criteriabcn.com\/es\/wp-json\/wp\/v2\/tags?post=18060"}],"curies":[{"name":"wp","href":"https:\/\/api.w.org\/{rel}","templated":true}]}}