{"id":20476,"date":"2019-04-30T16:46:26","date_gmt":"2019-04-30T15:46:26","guid":{"rendered":"http:\/\/criteriabcn.com\/?p=20476"},"modified":"2019-04-30T16:46:26","modified_gmt":"2019-04-30T15:46:26","slug":"reforma-de-la-antigua-nave-de-pinord-en-vilafranca-del-penedes","status":"publish","type":"post","link":"https:\/\/criteriabcn.com\/es\/reforma-de-la-antigua-nave-de-pinord-en-vilafranca-del-penedes\/","title":{"rendered":"Reforma de la antigua nave de Pinord en Vilafranca del Pened\u00e8s"},"content":{"rendered":"<h4 style=\"text-align: center;\"><strong>La antigua bodega Pinord, situada en la emblem\u00e1tica calle Comer\u00e7 de Vilafranca del Pened\u00e8s, junto a la estaci\u00f3n de tren, fue objeto en 2013 de un proyecto de reforma y actualizaci\u00f3n por parte del equipo de Criteria Arquitecthos. El plan era mantener la tradici\u00f3n sin renunciar a la tecnolog\u00eda m\u00e1s avanzada<\/strong>.<\/h4>\n<div id=\"attachment_19653\" style=\"width: 910px\" class=\"wp-caption aligncenter\"><img decoding=\"async\" aria-describedby=\"caption-attachment-19653\" class=\"size-full wp-image-19653\" src=\"http:\/\/criteriabcn.com\/wp-content\/uploads\/2019\/01\/02-PROPOSTA-J_REFORMA-NAVE-PINORD.jpg\" alt=\"Fa\u00e7ana Pinord\" width=\"900\" height=\"801\" srcset=\"https:\/\/criteriabcn.com\/wp-content\/uploads\/2019\/01\/02-PROPOSTA-J_REFORMA-NAVE-PINORD-200x178.jpg 200w, https:\/\/criteriabcn.com\/wp-content\/uploads\/2019\/01\/02-PROPOSTA-J_REFORMA-NAVE-PINORD-300x267.jpg 300w, https:\/\/criteriabcn.com\/wp-content\/uploads\/2019\/01\/02-PROPOSTA-J_REFORMA-NAVE-PINORD-400x356.jpg 400w, https:\/\/criteriabcn.com\/wp-content\/uploads\/2019\/01\/02-PROPOSTA-J_REFORMA-NAVE-PINORD-600x534.jpg 600w, https:\/\/criteriabcn.com\/wp-content\/uploads\/2019\/01\/02-PROPOSTA-J_REFORMA-NAVE-PINORD-768x684.jpg 768w, https:\/\/criteriabcn.com\/wp-content\/uploads\/2019\/01\/02-PROPOSTA-J_REFORMA-NAVE-PINORD-800x712.jpg 800w, https:\/\/criteriabcn.com\/wp-content\/uploads\/2019\/01\/02-PROPOSTA-J_REFORMA-NAVE-PINORD.jpg 900w\" sizes=\"(max-width: 900px) 100vw, 900px\" \/><p id=\"caption-attachment-19653\" class=\"wp-caption-text\">Fachada Pinord<\/p><\/div>\n<p>La calle Comer\u00e7 (Comercio) fue, durante d\u00e9cadas, la principal tarjeta de presentaci\u00f3n de Vilafranca del Pened\u00e8s, la <strong>capital del vino de la <a href=\"http:\/\/www.dopenedes.cat\">D.O. Pened\u00e8s<\/a><\/strong>. A lado y lado de esta calle, donde se encuentra situada la estaci\u00f3n del ferrocarril, se alineaban naves y almacenes de las principales empresas, mayoritariamente bodegas elaboradoras de vino y, en menor medida, de cava.<\/p>\n<p>Una de estas bodegas es la de las <a href=\"http:\/\/www.pinord.cat\">Bodegas Pinord<\/a>, propiedad de la <strong>familia Tetas<\/strong>, originaria de la poblaci\u00f3n vecina de Sant Cugat Sesgarrigues. En 1942, Josep Maria Tetas instal\u00f3 la bodega familiar en la calle Comer\u00e7 y desde all\u00ed inici\u00f3 su expansi\u00f3n, hasta alcanzar una producci\u00f3n de m\u00e1s de <strong>cinco millones de botellas<\/strong> anuales. Hoy en d\u00eda, la compa\u00f1\u00eda elabora vinos en <strong>siete denominaciones<\/strong> de origen espa\u00f1olas, est\u00e1 presente en m\u00e1s de 45 pa\u00edses y ha arrancado un camino de futuro comprometido con la agricultura ecol\u00f3gica.<\/p>\n<div id=\"attachment_19647\" style=\"width: 310px\" class=\"wp-caption alignright\"><img decoding=\"async\" aria-describedby=\"caption-attachment-19647\" class=\"size-medium wp-image-19647\" src=\"http:\/\/criteriabcn.com\/wp-content\/uploads\/2019\/01\/IMG_0917_REFORMA-NAVE-PINORD-300x227.jpg\" alt=\"Reforma Pinord\" width=\"300\" height=\"227\" srcset=\"https:\/\/criteriabcn.com\/wp-content\/uploads\/2019\/01\/IMG_0917_REFORMA-NAVE-PINORD-200x151.jpg 200w, https:\/\/criteriabcn.com\/wp-content\/uploads\/2019\/01\/IMG_0917_REFORMA-NAVE-PINORD-300x227.jpg 300w, https:\/\/criteriabcn.com\/wp-content\/uploads\/2019\/01\/IMG_0917_REFORMA-NAVE-PINORD-400x303.jpg 400w, https:\/\/criteriabcn.com\/wp-content\/uploads\/2019\/01\/IMG_0917_REFORMA-NAVE-PINORD-600x454.jpg 600w, https:\/\/criteriabcn.com\/wp-content\/uploads\/2019\/01\/IMG_0917_REFORMA-NAVE-PINORD-768x581.jpg 768w, https:\/\/criteriabcn.com\/wp-content\/uploads\/2019\/01\/IMG_0917_REFORMA-NAVE-PINORD-800x605.jpg 800w, https:\/\/criteriabcn.com\/wp-content\/uploads\/2019\/01\/IMG_0917_REFORMA-NAVE-PINORD.jpg 900w\" sizes=\"(max-width: 300px) 100vw, 300px\" \/><p id=\"caption-attachment-19647\" class=\"wp-caption-text\">Reforma Pinord<\/p><\/div>\n<p><strong>Tradici\u00f3n y modernidad<\/strong><\/p>\n<p>Actualmente, Pinord ya no utiliza su antigua tuber\u00eda propia que pasaba bajo las v\u00edas y permit\u00eda llenar directamente de vino los vagones cisterna de los trenes hacia sus clientes. No obstante, mantiene el <strong>legado de la tradici\u00f3n y los m\u00e9todos artesanales<\/strong>, sin renunciar a la \u00faltima tecnolog\u00eda.<\/p>\n<p>Estos dos \u2013tradici\u00f3n y modernidad\u2013 fueron los ejes sobre los que se bas\u00f3 el proyecto de <strong>Criteria Arquitecthos<\/strong> para la reforma y actualizaci\u00f3n de la nave de Pinord. Aunque su entrada est\u00e1 oficialmente situada en la calle lateral del Doctor Pasteur, <strong>la fachada principal es todo un s\u00edmbolo<\/strong> de identidad encarado hacia un espacio abierto de una zona de Vilafranca que ha experimentado grandes transformaciones a lo largo de los \u00faltimos a\u00f1os.<\/p>\n<p>Y es que la fachada de la nave de Pinord ha sido testigo de la construcci\u00f3n de las v\u00edas del AVE primero, del cubrimiento de estas v\u00edas despu\u00e9s y finalmente la urbanizaci\u00f3n y ajardinamiento de todo el espacio. La bodega, pues, no se pod\u00eda quedar atr\u00e1s y su lavado de cara as\u00ed lo demuestra.<\/p>\n<p>El edificio en cuesti\u00f3n es una nave entre medianeras con cubierta a dos aguas sobre una estructura de <strong>cerchas de madera<\/strong>. La intervenci\u00f3n arquitect\u00f3nica incluy\u00f3 la eliminaci\u00f3n de los <strong>antiguos dep\u00f3sitos<\/strong> de cemento y de parte de los altillos, manteniendo las cerchas de madera originales de la cubierta, estudiando su estabilidad seg\u00fan la normativa vigente.<\/p>\n<p>Por otro lado, se construyeron unos accesos en la parte posterior del edificio que salvan el desnivel existente entre el interior de la bodega y el exterior de la calle.<\/p>\n<p><strong>Preparados para el enoturismo<\/strong><\/p>\n<p>La conservaci\u00f3n de las cerchas permiti\u00f3 continuar con una tradici\u00f3n artesanal que cuida de los detalles y los materiales originales. Con la otra intervenci\u00f3n arquitect\u00f3nica, se consigui\u00f3 una continuidad de recorrido acogedor que permite apostar por la innovaci\u00f3n. Es decir, se alcanza el objetivo de que una <strong>edificaci\u00f3n antigua<\/strong> albergue las <strong>instalaciones productivas m\u00e1s modernas<\/strong>.<\/p>\n<p>Actualmente, <strong>estas instalaciones son visitables<\/strong> para los amantes del <a href=\"https:\/\/www.enoturismepenedes.cat\/ca\/guia-de-serveis\/cellers-i-caves\/bodegues-pinord\">enoturismo<\/a>, que lo pueden combinar con la degustaci\u00f3n de varios vinos y una visita por los vi\u00f1edos familiares.<\/p>\n","protected":false},"excerpt":{"rendered":"<p>La antigua bodega Pinord, situada en la emblem\u00e1tica calle Comer\u00e7  [&#8230;]<\/p>\n","protected":false},"author":3,"featured_media":19654,"comment_status":"open","ping_status":"open","sticky":false,"template":"","format":"standard","meta":{"footnotes":""},"categories":[109],"tags":[196,197,191,195],"class_list":["post-20476","post","type-post","status-publish","format-standard","has-post-thumbnail","hentry","category-bodegas","tag-bodega","tag-fachada","tag-pinord","tag-vino"],"yoast_head":"<!-- This site is optimized with the Yoast SEO plugin v24.1 - https:\/\/yoast.com\/wordpress\/plugins\/seo\/ -->\n<title>Reforma de la antigua nave de Pinord en Vilafranca del Pened\u00e8s - Criteria BCN<\/title>\n<meta name=\"robots\" content=\"index, follow, max-snippet:-1, max-image-preview:large, max-video-preview:-1\" \/>\n<link rel=\"canonical\" href=\"https:\/\/criteriabcn.com\/es\/reforma-de-la-antigua-nave-de-pinord-en-vilafranca-del-penedes\/\" \/>\n<meta property=\"og:locale\" content=\"es_ES\" \/>\n<meta property=\"og:type\" content=\"article\" \/>\n<meta property=\"og:title\" content=\"Reforma de la antigua nave de Pinord en Vilafranca del Pened\u00e8s - Criteria BCN\" \/>\n<meta property=\"og:description\" content=\"La antigua bodega Pinord, situada en la emblem\u00e1tica calle Comer\u00e7 [...]\" \/>\n<meta property=\"og:url\" content=\"https:\/\/criteriabcn.com\/es\/reforma-de-la-antigua-nave-de-pinord-en-vilafranca-del-penedes\/\" \/>\n<meta property=\"og:site_name\" content=\"Criteria BCN\" \/>\n<meta property=\"article:published_time\" content=\"2019-04-30T15:46:26+00:00\" \/>\n<meta property=\"og:image\" content=\"https:\/\/criteriabcn.com\/wp-content\/uploads\/2019\/01\/02-PROPOSTA-J_REFORMA-NAVE-PINORD.jpg\" \/>\n\t<meta property=\"og:image:width\" content=\"900\" \/>\n\t<meta property=\"og:image:height\" content=\"801\" \/>\n\t<meta property=\"og:image:type\" content=\"image\/jpeg\" \/>\n<meta name=\"author\" content=\"Criteria BCN\" \/>\n<meta name=\"twitter:card\" content=\"summary_large_image\" \/>\n<meta name=\"twitter:label1\" content=\"Escrito por\" \/>\n\t<meta name=\"twitter:data1\" content=\"Criteria BCN\" \/>\n\t<meta name=\"twitter:label2\" content=\"Tiempo de lectura\" \/>\n\t<meta name=\"twitter:data2\" content=\"3 minutos\" \/>\n<script type=\"application\/ld+json\" class=\"yoast-schema-graph\">{\"@context\":\"https:\/\/schema.org\",\"@graph\":[{\"@type\":\"WebPage\",\"@id\":\"https:\/\/criteriabcn.com\/es\/reforma-de-la-antigua-nave-de-pinord-en-vilafranca-del-penedes\/\",\"url\":\"https:\/\/criteriabcn.com\/es\/reforma-de-la-antigua-nave-de-pinord-en-vilafranca-del-penedes\/\",\"name\":\"Reforma de la antigua nave de Pinord en Vilafranca del Pened\u00e8s - Criteria BCN\",\"isPartOf\":{\"@id\":\"https:\/\/criteriabcn.com\/es\/#website\"},\"primaryImageOfPage\":{\"@id\":\"https:\/\/criteriabcn.com\/es\/reforma-de-la-antigua-nave-de-pinord-en-vilafranca-del-penedes\/#primaryimage\"},\"image\":{\"@id\":\"https:\/\/criteriabcn.com\/es\/reforma-de-la-antigua-nave-de-pinord-en-vilafranca-del-penedes\/#primaryimage\"},\"thumbnailUrl\":\"https:\/\/criteriabcn.com\/wp-content\/uploads\/2019\/01\/02-PROPOSTA-J_REFORMA-NAVE-PINORD.jpg\",\"datePublished\":\"2019-04-30T15:46:26+00:00\",\"dateModified\":\"2019-04-30T15:46:26+00:00\",\"author\":{\"@id\":\"https:\/\/criteriabcn.com\/es\/#\/schema\/person\/9c2e62661035d54d9a5f018e80db749f\"},\"breadcrumb\":{\"@id\":\"https:\/\/criteriabcn.com\/es\/reforma-de-la-antigua-nave-de-pinord-en-vilafranca-del-penedes\/#breadcrumb\"},\"inLanguage\":\"es\",\"potentialAction\":[{\"@type\":\"ReadAction\",\"target\":[\"https:\/\/criteriabcn.com\/es\/reforma-de-la-antigua-nave-de-pinord-en-vilafranca-del-penedes\/\"]}]},{\"@type\":\"ImageObject\",\"inLanguage\":\"es\",\"@id\":\"https:\/\/criteriabcn.com\/es\/reforma-de-la-antigua-nave-de-pinord-en-vilafranca-del-penedes\/#primaryimage\",\"url\":\"https:\/\/criteriabcn.com\/wp-content\/uploads\/2019\/01\/02-PROPOSTA-J_REFORMA-NAVE-PINORD.jpg\",\"contentUrl\":\"https:\/\/criteriabcn.com\/wp-content\/uploads\/2019\/01\/02-PROPOSTA-J_REFORMA-NAVE-PINORD.jpg\",\"width\":900,\"height\":801,\"caption\":\"Reforma Pinord\"},{\"@type\":\"BreadcrumbList\",\"@id\":\"https:\/\/criteriabcn.com\/es\/reforma-de-la-antigua-nave-de-pinord-en-vilafranca-del-penedes\/#breadcrumb\",\"itemListElement\":[{\"@type\":\"ListItem\",\"position\":1,\"name\":\"Inici\",\"item\":\"https:\/\/criteriabcn.com\/es\/\"},{\"@type\":\"ListItem\",\"position\":2,\"name\":\"Reforma de la antigua nave de Pinord en Vilafranca del Pened\u00e8s\"}]},{\"@type\":\"WebSite\",\"@id\":\"https:\/\/criteriabcn.com\/es\/#website\",\"url\":\"https:\/\/criteriabcn.com\/es\/\",\"name\":\"Criteria BCN\",\"description\":\"La arquitectura de los sentidos\",\"potentialAction\":[{\"@type\":\"SearchAction\",\"target\":{\"@type\":\"EntryPoint\",\"urlTemplate\":\"https:\/\/criteriabcn.com\/es\/?s={search_term_string}\"},\"query-input\":{\"@type\":\"PropertyValueSpecification\",\"valueRequired\":true,\"valueName\":\"search_term_string\"}}],\"inLanguage\":\"es\"},{\"@type\":\"Person\",\"@id\":\"https:\/\/criteriabcn.com\/es\/#\/schema\/person\/9c2e62661035d54d9a5f018e80db749f\",\"name\":\"Criteria BCN\",\"image\":{\"@type\":\"ImageObject\",\"inLanguage\":\"es\",\"@id\":\"https:\/\/criteriabcn.com\/es\/#\/schema\/person\/image\/\",\"url\":\"https:\/\/secure.gravatar.com\/avatar\/99ea266d430ad5f71557f1534a5f4b00?s=96&d=mm&r=g\",\"contentUrl\":\"https:\/\/secure.gravatar.com\/avatar\/99ea266d430ad5f71557f1534a5f4b00?s=96&d=mm&r=g\",\"caption\":\"Criteria BCN\"},\"url\":\"https:\/\/criteriabcn.com\/es\/author\/criteriabcn\/\"}]}<\/script>\n<!-- \/ Yoast SEO plugin. -->","yoast_head_json":{"title":"Reforma de la antigua nave de Pinord en Vilafranca del Pened\u00e8s - Criteria BCN","robots":{"index":"index","follow":"follow","max-snippet":"max-snippet:-1","max-image-preview":"max-image-preview:large","max-video-preview":"max-video-preview:-1"},"canonical":"https:\/\/criteriabcn.com\/es\/reforma-de-la-antigua-nave-de-pinord-en-vilafranca-del-penedes\/","og_locale":"es_ES","og_type":"article","og_title":"Reforma de la antigua nave de Pinord en Vilafranca del Pened\u00e8s - Criteria BCN","og_description":"La antigua bodega Pinord, situada en la emblem\u00e1tica calle Comer\u00e7 [...]","og_url":"https:\/\/criteriabcn.com\/es\/reforma-de-la-antigua-nave-de-pinord-en-vilafranca-del-penedes\/","og_site_name":"Criteria BCN","article_published_time":"2019-04-30T15:46:26+00:00","og_image":[{"width":900,"height":801,"url":"https:\/\/criteriabcn.com\/wp-content\/uploads\/2019\/01\/02-PROPOSTA-J_REFORMA-NAVE-PINORD.jpg","type":"image\/jpeg"}],"author":"Criteria BCN","twitter_card":"summary_large_image","twitter_misc":{"Escrito por":"Criteria BCN","Tiempo de lectura":"3 minutos"},"schema":{"@context":"https:\/\/schema.org","@graph":[{"@type":"WebPage","@id":"https:\/\/criteriabcn.com\/es\/reforma-de-la-antigua-nave-de-pinord-en-vilafranca-del-penedes\/","url":"https:\/\/criteriabcn.com\/es\/reforma-de-la-antigua-nave-de-pinord-en-vilafranca-del-penedes\/","name":"Reforma de la antigua nave de Pinord en Vilafranca del Pened\u00e8s - Criteria BCN","isPartOf":{"@id":"https:\/\/criteriabcn.com\/es\/#website"},"primaryImageOfPage":{"@id":"https:\/\/criteriabcn.com\/es\/reforma-de-la-antigua-nave-de-pinord-en-vilafranca-del-penedes\/#primaryimage"},"image":{"@id":"https:\/\/criteriabcn.com\/es\/reforma-de-la-antigua-nave-de-pinord-en-vilafranca-del-penedes\/#primaryimage"},"thumbnailUrl":"https:\/\/criteriabcn.com\/wp-content\/uploads\/2019\/01\/02-PROPOSTA-J_REFORMA-NAVE-PINORD.jpg","datePublished":"2019-04-30T15:46:26+00:00","dateModified":"2019-04-30T15:46:26+00:00","author":{"@id":"https:\/\/criteriabcn.com\/es\/#\/schema\/person\/9c2e62661035d54d9a5f018e80db749f"},"breadcrumb":{"@id":"https:\/\/criteriabcn.com\/es\/reforma-de-la-antigua-nave-de-pinord-en-vilafranca-del-penedes\/#breadcrumb"},"inLanguage":"es","potentialAction":[{"@type":"ReadAction","target":["https:\/\/criteriabcn.com\/es\/reforma-de-la-antigua-nave-de-pinord-en-vilafranca-del-penedes\/"]}]},{"@type":"ImageObject","inLanguage":"es","@id":"https:\/\/criteriabcn.com\/es\/reforma-de-la-antigua-nave-de-pinord-en-vilafranca-del-penedes\/#primaryimage","url":"https:\/\/criteriabcn.com\/wp-content\/uploads\/2019\/01\/02-PROPOSTA-J_REFORMA-NAVE-PINORD.jpg","contentUrl":"https:\/\/criteriabcn.com\/wp-content\/uploads\/2019\/01\/02-PROPOSTA-J_REFORMA-NAVE-PINORD.jpg","width":900,"height":801,"caption":"Reforma Pinord"},{"@type":"BreadcrumbList","@id":"https:\/\/criteriabcn.com\/es\/reforma-de-la-antigua-nave-de-pinord-en-vilafranca-del-penedes\/#breadcrumb","itemListElement":[{"@type":"ListItem","position":1,"name":"Inici","item":"https:\/\/criteriabcn.com\/es\/"},{"@type":"ListItem","position":2,"name":"Reforma de la antigua nave de Pinord en Vilafranca del Pened\u00e8s"}]},{"@type":"WebSite","@id":"https:\/\/criteriabcn.com\/es\/#website","url":"https:\/\/criteriabcn.com\/es\/","name":"Criteria BCN","description":"La arquitectura de los sentidos","potentialAction":[{"@type":"SearchAction","target":{"@type":"EntryPoint","urlTemplate":"https:\/\/criteriabcn.com\/es\/?s={search_term_string}"},"query-input":{"@type":"PropertyValueSpecification","valueRequired":true,"valueName":"search_term_string"}}],"inLanguage":"es"},{"@type":"Person","@id":"https:\/\/criteriabcn.com\/es\/#\/schema\/person\/9c2e62661035d54d9a5f018e80db749f","name":"Criteria BCN","image":{"@type":"ImageObject","inLanguage":"es","@id":"https:\/\/criteriabcn.com\/es\/#\/schema\/person\/image\/","url":"https:\/\/secure.gravatar.com\/avatar\/99ea266d430ad5f71557f1534a5f4b00?s=96&d=mm&r=g","contentUrl":"https:\/\/secure.gravatar.com\/avatar\/99ea266d430ad5f71557f1534a5f4b00?s=96&d=mm&r=g","caption":"Criteria BCN"},"url":"https:\/\/criteriabcn.com\/es\/author\/criteriabcn\/"}]}},"_links":{"self":[{"href":"https:\/\/criteriabcn.com\/es\/wp-json\/wp\/v2\/posts\/20476","targetHints":{"allow":["GET"]}}],"collection":[{"href":"https:\/\/criteriabcn.com\/es\/wp-json\/wp\/v2\/posts"}],"about":[{"href":"https:\/\/criteriabcn.com\/es\/wp-json\/wp\/v2\/types\/post"}],"author":[{"embeddable":true,"href":"https:\/\/criteriabcn.com\/es\/wp-json\/wp\/v2\/users\/3"}],"replies":[{"embeddable":true,"href":"https:\/\/criteriabcn.com\/es\/wp-json\/wp\/v2\/comments?post=20476"}],"version-history":[{"count":2,"href":"https:\/\/criteriabcn.com\/es\/wp-json\/wp\/v2\/posts\/20476\/revisions"}],"predecessor-version":[{"id":20478,"href":"https:\/\/criteriabcn.com\/es\/wp-json\/wp\/v2\/posts\/20476\/revisions\/20478"}],"wp:featuredmedia":[{"embeddable":true,"href":"https:\/\/criteriabcn.com\/es\/wp-json\/wp\/v2\/media\/19654"}],"wp:attachment":[{"href":"https:\/\/criteriabcn.com\/es\/wp-json\/wp\/v2\/media?parent=20476"}],"wp:term":[{"taxonomy":"category","embeddable":true,"href":"https:\/\/criteriabcn.com\/es\/wp-json\/wp\/v2\/categories?post=20476"},{"taxonomy":"post_tag","embeddable":true,"href":"https:\/\/criteriabcn.com\/es\/wp-json\/wp\/v2\/tags?post=20476"}],"curies":[{"name":"wp","href":"https:\/\/api.w.org\/{rel}","templated":true}]}}