{"id":20510,"date":"2019-05-14T17:43:23","date_gmt":"2019-05-14T16:43:23","guid":{"rendered":"http:\/\/criteriabcn.com\/?p=20510"},"modified":"2019-05-14T17:43:23","modified_gmt":"2019-05-14T16:43:23","slug":"nueva-bodega-de-cava-portell-en-sarral","status":"publish","type":"post","link":"https:\/\/criteriabcn.com\/es\/nueva-bodega-de-cava-portell-en-sarral\/","title":{"rendered":"Nueva bodega de Cava Portell en Sarral"},"content":{"rendered":"<h4 style=\"text-align: center;\"><strong>Criteria Arquitecthos proyect\u00f3 las nuevas instalaciones de la Cooperativa Vin\u00edcola de Sarral, una de las bodegas m\u00e1s importantes de la Conca de Barber\u00e0. Destaca por su integraci\u00f3n en el paisaje y por la articulaci\u00f3n de las cubiertas, inspirada en el relieve de la Serra de Comaverd, que se aprecia en el horizonte.<\/strong><\/h4>\n<div id=\"attachment_20503\" style=\"width: 1034px\" class=\"wp-caption aligncenter\"><img decoding=\"async\" aria-describedby=\"caption-attachment-20503\" class=\"size-large wp-image-20503\" src=\"http:\/\/criteriabcn.com\/wp-content\/uploads\/2019\/05\/01_AEREA_J_CAVAS-PORTELL-1024x705.jpg\" alt=\"Vista a\u00e8ria de Cava Portell\" width=\"1024\" height=\"705\" srcset=\"https:\/\/criteriabcn.com\/wp-content\/uploads\/2019\/05\/01_AEREA_J_CAVAS-PORTELL-200x138.jpg 200w, https:\/\/criteriabcn.com\/wp-content\/uploads\/2019\/05\/01_AEREA_J_CAVAS-PORTELL-300x206.jpg 300w, https:\/\/criteriabcn.com\/wp-content\/uploads\/2019\/05\/01_AEREA_J_CAVAS-PORTELL-400x275.jpg 400w, https:\/\/criteriabcn.com\/wp-content\/uploads\/2019\/05\/01_AEREA_J_CAVAS-PORTELL-600x413.jpg 600w, https:\/\/criteriabcn.com\/wp-content\/uploads\/2019\/05\/01_AEREA_J_CAVAS-PORTELL-768x528.jpg 768w, https:\/\/criteriabcn.com\/wp-content\/uploads\/2019\/05\/01_AEREA_J_CAVAS-PORTELL-800x551.jpg 800w, https:\/\/criteriabcn.com\/wp-content\/uploads\/2019\/05\/01_AEREA_J_CAVAS-PORTELL-1024x705.jpg 1024w, https:\/\/criteriabcn.com\/wp-content\/uploads\/2019\/05\/01_AEREA_J_CAVAS-PORTELL-1200x826.jpg 1200w, https:\/\/criteriabcn.com\/wp-content\/uploads\/2019\/05\/01_AEREA_J_CAVAS-PORTELL.jpg 1600w\" sizes=\"(max-width: 1024px) 100vw, 1024px\" \/><p id=\"caption-attachment-20503\" class=\"wp-caption-text\">Vista a\u00e9rea de Cava Portell<\/p><\/div>\n<p>Ya hace a\u00f1os que la <strong>Cooperativa Vin\u00edcola de Sarral<\/strong>, m\u00e1s conocida actualmente como <a href=\"http:\/\/www.cava-portell.com\">Cava Portell<\/a>, celebr\u00f3 su <strong>primer siglo de historia<\/strong>. La entidad tiene su origen en el Sindicato Agr\u00edcola de la poblaci\u00f3n (1907) y en el Sindicato de Viticultores (1913). Su hist\u00f3rica bodega modernista de 1914, obra de Pere Dom\u00e8nech i Roure, es una de las <strong>\u2018catedrales del vino\u2019 de Catalu\u00f1a<\/strong> y uno de los edificios m\u00e1s destacados de esta poblaci\u00f3n de la Conca de Barber\u00e0.<\/p>\n<p><strong>Criteria Arquitecthos<\/strong> proyect\u00f3 unas nuevas instalaciones para Cava Portell. Su objetivo era dotar a la entidad de un <strong>edificio moderno<\/strong>, equipado con la \u00faltima tecnolog\u00eda para la elaboraci\u00f3n de vinos y cavas, sin traicionar su poso hist\u00f3rico con una construcci\u00f3n sin personalidad. El resultado es una nueva bodega <strong>perfectamente integrada en el paisaje<\/strong>.<\/p>\n<p>El elemento que m\u00e1s destaca del proyecto es la <strong>articulaci\u00f3n de las cubiertas<\/strong>, que est\u00e1 inspirada en el relieve de la <strong>Serra de Comaverd<\/strong>, que cierra el horizonte de Sarral por el sudeste y hace de l\u00edmite entre las comarcas de la Conca de Barber\u00e0 y el Alt Camp.<\/p>\n<p>La bodega est\u00e1 preparada y pensada para tratar los vinos con el m\u00e1ximo cuidado, desde la recepci\u00f3n de la uva hasta la botella, con m\u00e9todos de elaboraci\u00f3n basados en la <strong>enolog\u00eda m\u00e1s moderna<\/strong> y con el m\u00e1ximo <strong>respeto por el medio ambiente<\/strong>.<\/p>\n<div id=\"attachment_20507\" style=\"width: 310px\" class=\"wp-caption alignright\"><img decoding=\"async\" aria-describedby=\"caption-attachment-20507\" class=\"size-medium wp-image-20507\" src=\"http:\/\/criteriabcn.com\/wp-content\/uploads\/2019\/05\/03_ENTRADA-2_J_CAVAS-PORTELL-300x166.jpg\" alt=\"Entrada de Cava Portell\" width=\"300\" height=\"166\" srcset=\"https:\/\/criteriabcn.com\/wp-content\/uploads\/2019\/05\/03_ENTRADA-2_J_CAVAS-PORTELL-200x111.jpg 200w, https:\/\/criteriabcn.com\/wp-content\/uploads\/2019\/05\/03_ENTRADA-2_J_CAVAS-PORTELL-300x166.jpg 300w, https:\/\/criteriabcn.com\/wp-content\/uploads\/2019\/05\/03_ENTRADA-2_J_CAVAS-PORTELL-400x221.jpg 400w, https:\/\/criteriabcn.com\/wp-content\/uploads\/2019\/05\/03_ENTRADA-2_J_CAVAS-PORTELL-600x332.jpg 600w, https:\/\/criteriabcn.com\/wp-content\/uploads\/2019\/05\/03_ENTRADA-2_J_CAVAS-PORTELL-768x424.jpg 768w, https:\/\/criteriabcn.com\/wp-content\/uploads\/2019\/05\/03_ENTRADA-2_J_CAVAS-PORTELL-800x442.jpg 800w, https:\/\/criteriabcn.com\/wp-content\/uploads\/2019\/05\/03_ENTRADA-2_J_CAVAS-PORTELL-1024x566.jpg 1024w, https:\/\/criteriabcn.com\/wp-content\/uploads\/2019\/05\/03_ENTRADA-2_J_CAVAS-PORTELL-1200x663.jpg 1200w, https:\/\/criteriabcn.com\/wp-content\/uploads\/2019\/05\/03_ENTRADA-2_J_CAVAS-PORTELL.jpg 1600w\" sizes=\"(max-width: 300px) 100vw, 300px\" \/><p id=\"caption-attachment-20507\" class=\"wp-caption-text\">Entrada de Cava Portell<\/p><\/div>\n<h5>Un proyecto en dos partes<\/h5>\n<p>El proyecto consta de dos partes bien diferenciadas: la propia edificaci\u00f3n y la urbanizaci\u00f3n que se genera en su entorno. La <strong>edificaci\u00f3n<\/strong> se organiza seg\u00fan cuatro tipolog\u00edas: de oficinas, industrial, un volumen subterr\u00e1neo para la cava con la zona de rima y el volumen de la sala de actos por el porche de acceso. Por otro lado, la <strong>parte urbanizada<\/strong> se estructura\u00a0 en tres tipolog\u00edas: estacionamiento en superficie, parques y jardines y acondicionamiento del terreno. Las oficinas se disponen en las plantas baja y primera.<\/p>\n<p>El <strong>volumen subterr\u00e1neo<\/strong> de la zona de rima queda oculto bajo una cubierta de tierra y plantas arom\u00e1ticas, con el fin de integrarse mejor en el entorno y aumentar su inercia t\u00e9rmica. El resto de la edificaci\u00f3n se sit\u00faa bajo los pliegues de una <strong>cubierta de zinc<\/strong> de un color terroso y que recuerda los desniveles de las monta\u00f1as.<\/p>\n<p>La plaza de acceso est\u00e1 delimitada al sur por un muro de configuraci\u00f3n del patio que presenta el <strong>nombre de la bodega y una cascada<\/strong>. Un porche conduce desde la plaza hasta el vest\u00edbulo, para <strong>distribuir los flujos<\/strong> en direcci\u00f3n a las oficinas o bien a las zonas de bodega y visitas.<\/p>\n<div id=\"attachment_20505\" style=\"width: 310px\" class=\"wp-caption alignleft\"><img decoding=\"async\" aria-describedby=\"caption-attachment-20505\" class=\"size-medium wp-image-20505\" src=\"http:\/\/criteriabcn.com\/wp-content\/uploads\/2019\/05\/02_ENTRADA-J_CAVAS-PORTELL-300x137.jpg\" alt=\"Entrada de Cava Portell\" width=\"300\" height=\"137\" srcset=\"https:\/\/criteriabcn.com\/wp-content\/uploads\/2019\/05\/02_ENTRADA-J_CAVAS-PORTELL-200x91.jpg 200w, https:\/\/criteriabcn.com\/wp-content\/uploads\/2019\/05\/02_ENTRADA-J_CAVAS-PORTELL-300x137.jpg 300w, https:\/\/criteriabcn.com\/wp-content\/uploads\/2019\/05\/02_ENTRADA-J_CAVAS-PORTELL-400x183.jpg 400w, https:\/\/criteriabcn.com\/wp-content\/uploads\/2019\/05\/02_ENTRADA-J_CAVAS-PORTELL-600x274.jpg 600w, https:\/\/criteriabcn.com\/wp-content\/uploads\/2019\/05\/02_ENTRADA-J_CAVAS-PORTELL-768x351.jpg 768w, https:\/\/criteriabcn.com\/wp-content\/uploads\/2019\/05\/02_ENTRADA-J_CAVAS-PORTELL-800x366.jpg 800w, https:\/\/criteriabcn.com\/wp-content\/uploads\/2019\/05\/02_ENTRADA-J_CAVAS-PORTELL-1024x468.jpg 1024w, https:\/\/criteriabcn.com\/wp-content\/uploads\/2019\/05\/02_ENTRADA-J_CAVAS-PORTELL-1200x548.jpg 1200w, https:\/\/criteriabcn.com\/wp-content\/uploads\/2019\/05\/02_ENTRADA-J_CAVAS-PORTELL.jpg 1600w\" sizes=\"(max-width: 300px) 100vw, 300px\" \/><p id=\"caption-attachment-20505\" class=\"wp-caption-text\">Entrada de Cava Portell<\/p><\/div>\n<h5>Cava Portell y el trepat<\/h5>\n<p>Cava Portell es una de las bodegas m\u00e1s importantes y representativas de la <a href=\"http:\/\/www.doconcadebarbera.com\/\">D.O. Conca de Barber\u00e0<\/a>. Adem\u00e1s de una amplia y variada <strong>gama de vinos<\/strong> blancos, rosados, tintos y de aguja, destaca su producci\u00f3n de vinos <strong>espumosos bajo la <\/strong><a href=\"http:\/\/www.docava.es\"><strong>D.O. Cava<\/strong><\/a>. En este \u00e1mbito, es uno de los l\u00edderes en la producci\u00f3n de cavas rosados a partir de la variedad <strong>trepat<\/strong>, aut\u00f3ctona de la Conca de Barber\u00e0.<\/p>\n","protected":false},"excerpt":{"rendered":"<p>Criteria Arquitecthos proyect\u00f3 las nuevas instalaciones de la Cooperativa Vin\u00edcola  [&#8230;]<\/p>\n","protected":false},"author":3,"featured_media":20504,"comment_status":"open","ping_status":"open","sticky":false,"template":"","format":"standard","meta":{"footnotes":""},"categories":[109],"tags":[200,201,202],"class_list":["post-20510","post","type-post","status-publish","format-standard","has-post-thumbnail","hentry","category-bodegas","tag-cava-es","tag-celler-es","tag-portell-es"],"yoast_head":"<!-- This site is optimized with the Yoast SEO plugin v24.1 - https:\/\/yoast.com\/wordpress\/plugins\/seo\/ -->\n<title>Nueva bodega de Cava Portell en Sarral - Criteria BCN<\/title>\n<meta name=\"robots\" content=\"index, follow, max-snippet:-1, max-image-preview:large, max-video-preview:-1\" \/>\n<link rel=\"canonical\" href=\"https:\/\/criteriabcn.com\/es\/nueva-bodega-de-cava-portell-en-sarral\/\" \/>\n<meta property=\"og:locale\" content=\"es_ES\" \/>\n<meta property=\"og:type\" content=\"article\" \/>\n<meta property=\"og:title\" content=\"Nueva bodega de Cava Portell en Sarral - Criteria BCN\" \/>\n<meta property=\"og:description\" content=\"Criteria Arquitecthos proyect\u00f3 las nuevas instalaciones de la Cooperativa Vin\u00edcola [...]\" \/>\n<meta property=\"og:url\" content=\"https:\/\/criteriabcn.com\/es\/nueva-bodega-de-cava-portell-en-sarral\/\" \/>\n<meta property=\"og:site_name\" content=\"Criteria BCN\" \/>\n<meta property=\"article:published_time\" content=\"2019-05-14T16:43:23+00:00\" \/>\n<meta property=\"og:image\" content=\"https:\/\/criteriabcn.com\/wp-content\/uploads\/2019\/05\/01_AEREA_J_CAVAS-PORTELL.jpg\" \/>\n\t<meta property=\"og:image:width\" content=\"1600\" \/>\n\t<meta property=\"og:image:height\" content=\"1101\" \/>\n\t<meta property=\"og:image:type\" content=\"image\/jpeg\" \/>\n<meta name=\"author\" content=\"Criteria BCN\" \/>\n<meta name=\"twitter:card\" content=\"summary_large_image\" \/>\n<meta name=\"twitter:label1\" content=\"Escrito por\" \/>\n\t<meta name=\"twitter:data1\" content=\"Criteria BCN\" \/>\n\t<meta name=\"twitter:label2\" content=\"Tiempo de lectura\" \/>\n\t<meta name=\"twitter:data2\" content=\"3 minutos\" \/>\n<script type=\"application\/ld+json\" class=\"yoast-schema-graph\">{\"@context\":\"https:\/\/schema.org\",\"@graph\":[{\"@type\":\"WebPage\",\"@id\":\"https:\/\/criteriabcn.com\/es\/nueva-bodega-de-cava-portell-en-sarral\/\",\"url\":\"https:\/\/criteriabcn.com\/es\/nueva-bodega-de-cava-portell-en-sarral\/\",\"name\":\"Nueva bodega de Cava Portell en Sarral - Criteria BCN\",\"isPartOf\":{\"@id\":\"https:\/\/criteriabcn.com\/es\/#website\"},\"primaryImageOfPage\":{\"@id\":\"https:\/\/criteriabcn.com\/es\/nueva-bodega-de-cava-portell-en-sarral\/#primaryimage\"},\"image\":{\"@id\":\"https:\/\/criteriabcn.com\/es\/nueva-bodega-de-cava-portell-en-sarral\/#primaryimage\"},\"thumbnailUrl\":\"https:\/\/criteriabcn.com\/wp-content\/uploads\/2019\/05\/01_AEREA_J_CAVAS-PORTELL.jpg\",\"datePublished\":\"2019-05-14T16:43:23+00:00\",\"dateModified\":\"2019-05-14T16:43:23+00:00\",\"author\":{\"@id\":\"https:\/\/criteriabcn.com\/es\/#\/schema\/person\/9c2e62661035d54d9a5f018e80db749f\"},\"breadcrumb\":{\"@id\":\"https:\/\/criteriabcn.com\/es\/nueva-bodega-de-cava-portell-en-sarral\/#breadcrumb\"},\"inLanguage\":\"es\",\"potentialAction\":[{\"@type\":\"ReadAction\",\"target\":[\"https:\/\/criteriabcn.com\/es\/nueva-bodega-de-cava-portell-en-sarral\/\"]}]},{\"@type\":\"ImageObject\",\"inLanguage\":\"es\",\"@id\":\"https:\/\/criteriabcn.com\/es\/nueva-bodega-de-cava-portell-en-sarral\/#primaryimage\",\"url\":\"https:\/\/criteriabcn.com\/wp-content\/uploads\/2019\/05\/01_AEREA_J_CAVAS-PORTELL.jpg\",\"contentUrl\":\"https:\/\/criteriabcn.com\/wp-content\/uploads\/2019\/05\/01_AEREA_J_CAVAS-PORTELL.jpg\",\"width\":1600,\"height\":1101,\"caption\":\"Vista a\u00e8ria de Cava Portell\"},{\"@type\":\"BreadcrumbList\",\"@id\":\"https:\/\/criteriabcn.com\/es\/nueva-bodega-de-cava-portell-en-sarral\/#breadcrumb\",\"itemListElement\":[{\"@type\":\"ListItem\",\"position\":1,\"name\":\"Inici\",\"item\":\"https:\/\/criteriabcn.com\/es\/\"},{\"@type\":\"ListItem\",\"position\":2,\"name\":\"Nueva bodega de Cava Portell en Sarral\"}]},{\"@type\":\"WebSite\",\"@id\":\"https:\/\/criteriabcn.com\/es\/#website\",\"url\":\"https:\/\/criteriabcn.com\/es\/\",\"name\":\"Criteria BCN\",\"description\":\"La arquitectura de los sentidos\",\"potentialAction\":[{\"@type\":\"SearchAction\",\"target\":{\"@type\":\"EntryPoint\",\"urlTemplate\":\"https:\/\/criteriabcn.com\/es\/?s={search_term_string}\"},\"query-input\":{\"@type\":\"PropertyValueSpecification\",\"valueRequired\":true,\"valueName\":\"search_term_string\"}}],\"inLanguage\":\"es\"},{\"@type\":\"Person\",\"@id\":\"https:\/\/criteriabcn.com\/es\/#\/schema\/person\/9c2e62661035d54d9a5f018e80db749f\",\"name\":\"Criteria BCN\",\"image\":{\"@type\":\"ImageObject\",\"inLanguage\":\"es\",\"@id\":\"https:\/\/criteriabcn.com\/es\/#\/schema\/person\/image\/\",\"url\":\"https:\/\/secure.gravatar.com\/avatar\/99ea266d430ad5f71557f1534a5f4b00?s=96&d=mm&r=g\",\"contentUrl\":\"https:\/\/secure.gravatar.com\/avatar\/99ea266d430ad5f71557f1534a5f4b00?s=96&d=mm&r=g\",\"caption\":\"Criteria BCN\"},\"url\":\"https:\/\/criteriabcn.com\/es\/author\/criteriabcn\/\"}]}<\/script>\n<!-- \/ Yoast SEO plugin. -->","yoast_head_json":{"title":"Nueva bodega de Cava Portell en Sarral - Criteria BCN","robots":{"index":"index","follow":"follow","max-snippet":"max-snippet:-1","max-image-preview":"max-image-preview:large","max-video-preview":"max-video-preview:-1"},"canonical":"https:\/\/criteriabcn.com\/es\/nueva-bodega-de-cava-portell-en-sarral\/","og_locale":"es_ES","og_type":"article","og_title":"Nueva bodega de Cava Portell en Sarral - Criteria BCN","og_description":"Criteria Arquitecthos proyect\u00f3 las nuevas instalaciones de la Cooperativa Vin\u00edcola [...]","og_url":"https:\/\/criteriabcn.com\/es\/nueva-bodega-de-cava-portell-en-sarral\/","og_site_name":"Criteria BCN","article_published_time":"2019-05-14T16:43:23+00:00","og_image":[{"width":1600,"height":1101,"url":"https:\/\/criteriabcn.com\/wp-content\/uploads\/2019\/05\/01_AEREA_J_CAVAS-PORTELL.jpg","type":"image\/jpeg"}],"author":"Criteria BCN","twitter_card":"summary_large_image","twitter_misc":{"Escrito por":"Criteria BCN","Tiempo de lectura":"3 minutos"},"schema":{"@context":"https:\/\/schema.org","@graph":[{"@type":"WebPage","@id":"https:\/\/criteriabcn.com\/es\/nueva-bodega-de-cava-portell-en-sarral\/","url":"https:\/\/criteriabcn.com\/es\/nueva-bodega-de-cava-portell-en-sarral\/","name":"Nueva bodega de Cava Portell en Sarral - Criteria BCN","isPartOf":{"@id":"https:\/\/criteriabcn.com\/es\/#website"},"primaryImageOfPage":{"@id":"https:\/\/criteriabcn.com\/es\/nueva-bodega-de-cava-portell-en-sarral\/#primaryimage"},"image":{"@id":"https:\/\/criteriabcn.com\/es\/nueva-bodega-de-cava-portell-en-sarral\/#primaryimage"},"thumbnailUrl":"https:\/\/criteriabcn.com\/wp-content\/uploads\/2019\/05\/01_AEREA_J_CAVAS-PORTELL.jpg","datePublished":"2019-05-14T16:43:23+00:00","dateModified":"2019-05-14T16:43:23+00:00","author":{"@id":"https:\/\/criteriabcn.com\/es\/#\/schema\/person\/9c2e62661035d54d9a5f018e80db749f"},"breadcrumb":{"@id":"https:\/\/criteriabcn.com\/es\/nueva-bodega-de-cava-portell-en-sarral\/#breadcrumb"},"inLanguage":"es","potentialAction":[{"@type":"ReadAction","target":["https:\/\/criteriabcn.com\/es\/nueva-bodega-de-cava-portell-en-sarral\/"]}]},{"@type":"ImageObject","inLanguage":"es","@id":"https:\/\/criteriabcn.com\/es\/nueva-bodega-de-cava-portell-en-sarral\/#primaryimage","url":"https:\/\/criteriabcn.com\/wp-content\/uploads\/2019\/05\/01_AEREA_J_CAVAS-PORTELL.jpg","contentUrl":"https:\/\/criteriabcn.com\/wp-content\/uploads\/2019\/05\/01_AEREA_J_CAVAS-PORTELL.jpg","width":1600,"height":1101,"caption":"Vista a\u00e8ria de Cava Portell"},{"@type":"BreadcrumbList","@id":"https:\/\/criteriabcn.com\/es\/nueva-bodega-de-cava-portell-en-sarral\/#breadcrumb","itemListElement":[{"@type":"ListItem","position":1,"name":"Inici","item":"https:\/\/criteriabcn.com\/es\/"},{"@type":"ListItem","position":2,"name":"Nueva bodega de Cava Portell en Sarral"}]},{"@type":"WebSite","@id":"https:\/\/criteriabcn.com\/es\/#website","url":"https:\/\/criteriabcn.com\/es\/","name":"Criteria BCN","description":"La arquitectura de los sentidos","potentialAction":[{"@type":"SearchAction","target":{"@type":"EntryPoint","urlTemplate":"https:\/\/criteriabcn.com\/es\/?s={search_term_string}"},"query-input":{"@type":"PropertyValueSpecification","valueRequired":true,"valueName":"search_term_string"}}],"inLanguage":"es"},{"@type":"Person","@id":"https:\/\/criteriabcn.com\/es\/#\/schema\/person\/9c2e62661035d54d9a5f018e80db749f","name":"Criteria BCN","image":{"@type":"ImageObject","inLanguage":"es","@id":"https:\/\/criteriabcn.com\/es\/#\/schema\/person\/image\/","url":"https:\/\/secure.gravatar.com\/avatar\/99ea266d430ad5f71557f1534a5f4b00?s=96&d=mm&r=g","contentUrl":"https:\/\/secure.gravatar.com\/avatar\/99ea266d430ad5f71557f1534a5f4b00?s=96&d=mm&r=g","caption":"Criteria BCN"},"url":"https:\/\/criteriabcn.com\/es\/author\/criteriabcn\/"}]}},"_links":{"self":[{"href":"https:\/\/criteriabcn.com\/es\/wp-json\/wp\/v2\/posts\/20510","targetHints":{"allow":["GET"]}}],"collection":[{"href":"https:\/\/criteriabcn.com\/es\/wp-json\/wp\/v2\/posts"}],"about":[{"href":"https:\/\/criteriabcn.com\/es\/wp-json\/wp\/v2\/types\/post"}],"author":[{"embeddable":true,"href":"https:\/\/criteriabcn.com\/es\/wp-json\/wp\/v2\/users\/3"}],"replies":[{"embeddable":true,"href":"https:\/\/criteriabcn.com\/es\/wp-json\/wp\/v2\/comments?post=20510"}],"version-history":[{"count":1,"href":"https:\/\/criteriabcn.com\/es\/wp-json\/wp\/v2\/posts\/20510\/revisions"}],"predecessor-version":[{"id":20512,"href":"https:\/\/criteriabcn.com\/es\/wp-json\/wp\/v2\/posts\/20510\/revisions\/20512"}],"wp:featuredmedia":[{"embeddable":true,"href":"https:\/\/criteriabcn.com\/es\/wp-json\/wp\/v2\/media\/20504"}],"wp:attachment":[{"href":"https:\/\/criteriabcn.com\/es\/wp-json\/wp\/v2\/media?parent=20510"}],"wp:term":[{"taxonomy":"category","embeddable":true,"href":"https:\/\/criteriabcn.com\/es\/wp-json\/wp\/v2\/categories?post=20510"},{"taxonomy":"post_tag","embeddable":true,"href":"https:\/\/criteriabcn.com\/es\/wp-json\/wp\/v2\/tags?post=20510"}],"curies":[{"name":"wp","href":"https:\/\/api.w.org\/{rel}","templated":true}]}}