{"id":20652,"date":"2019-07-10T18:36:29","date_gmt":"2019-07-10T17:36:29","guid":{"rendered":"http:\/\/criteriabcn.com\/hotel-aiguagelida-de-tamariu-en-plena-costa-brava\/"},"modified":"2019-07-10T18:38:47","modified_gmt":"2019-07-10T17:38:47","slug":"hotel-aiguagelida-de-tamariu-en-plena-costa-brava","status":"publish","type":"post","link":"https:\/\/criteriabcn.com\/es\/hotel-aiguagelida-de-tamariu-en-plena-costa-brava\/","title":{"rendered":"Hotel Aiguagelida de Tamariu, en plena Costa Brava"},"content":{"rendered":"<h4 style=\"text-align: center;\"><strong>Criteria Arquitecthos proyect\u00f3 un establecimiento estructurado en tres vol\u00famenes de l\u00edneas horizontales perfectamente integrado en el entorno, sobre una colina de suaves pendientes.<\/strong><\/h4>\n<div id=\"attachment_20639\" style=\"width: 1034px\" class=\"wp-caption aligncenter\"><img decoding=\"async\" aria-describedby=\"caption-attachment-20639\" class=\"size-large wp-image-20639\" src=\"http:\/\/criteriabcn.com\/wp-content\/uploads\/2019\/07\/R_conjunto-1024x374.jpg\" alt=\"Conjunt de l'Hotel Aiguagelida\" width=\"1024\" height=\"374\" srcset=\"https:\/\/criteriabcn.com\/wp-content\/uploads\/2019\/07\/R_conjunto-200x73.jpg 200w, https:\/\/criteriabcn.com\/wp-content\/uploads\/2019\/07\/R_conjunto-300x110.jpg 300w, https:\/\/criteriabcn.com\/wp-content\/uploads\/2019\/07\/R_conjunto-400x146.jpg 400w, https:\/\/criteriabcn.com\/wp-content\/uploads\/2019\/07\/R_conjunto-600x219.jpg 600w, https:\/\/criteriabcn.com\/wp-content\/uploads\/2019\/07\/R_conjunto-768x280.jpg 768w, https:\/\/criteriabcn.com\/wp-content\/uploads\/2019\/07\/R_conjunto-800x292.jpg 800w, https:\/\/criteriabcn.com\/wp-content\/uploads\/2019\/07\/R_conjunto-1024x374.jpg 1024w, https:\/\/criteriabcn.com\/wp-content\/uploads\/2019\/07\/R_conjunto-1200x438.jpg 1200w, https:\/\/criteriabcn.com\/wp-content\/uploads\/2019\/07\/R_conjunto.jpg 1599w\" sizes=\"(max-width: 1024px) 100vw, 1024px\" \/><p id=\"caption-attachment-20639\" class=\"wp-caption-text\">Conjunto del Hotel Aiguagelida<\/p><\/div>\n<p>&nbsp;<\/p>\n<p><a href=\"http:\/\/visitpalafrugell.cat\/tamariu\/\"><strong>Tamariu<\/strong><\/a> es un peque\u00f1o pueblo de la <a href=\"https:\/\/www.costabrava.org\">Costa Brava<\/a>, dentro del t\u00e9rmino municipal de <a href=\"http:\/\/visitpalafrugell.cat\/\">Palafrugell<\/a>, con un enorme atractivo tur\u00edstico, marcado por su herencia como <strong>aldea de pescadores<\/strong>. Calles estrechas, playas donde tomar el sol con un agradable paseo mar\u00edtimo, aguas ideales para la pr\u00e1ctica del submarinismo, la vela y el kayak&#8230; un lugar donde <strong>relajarse y disfrutar del verano<\/strong>.<\/p>\n<p><strong>Criteria Arquitecthos<\/strong> realiz\u00f3 en 2004 un proyecto en esta localizaci\u00f3n, el Hotel Aiguagelida. El nombre hace referencia a la vecina <strong>cala de Aigua Xelida<\/strong>, uno de los paisajes m\u00e1s caracter\u00edsticos de la Costa Brava m\u00e1s salvaje.<\/p>\n<p>La naturaleza del terreno, una peque\u00f1a colina de suaves pendientes, es el elemento director de la implantaci\u00f3n de los diferentes edificios que conformaban el proyecto del establecimiento. Las <strong>l\u00edneas horizontales <\/strong>permitieron <strong>integrar los vol\u00famenes en el paisaje<\/strong> y situarlos de forma discreta sobre el solar.<\/p>\n<h5>Tres vol\u00famenes contra el impacto visual<\/h5>\n<p>La propuesta de Criteria Arquitecthos contemplaba una <strong>estructura en tres vol\u00famenes<\/strong>, con el objetivo de <strong>minimizar el impacto visual<\/strong> que supone un edificio de estas caracter\u00edsticas. De este modo, tambi\u00e9n consegu\u00eda un cierto aislamiento y tranquilidad en la zona de reposo.<\/p>\n<p>Un primer volumen inclu\u00eda estancias comunes como la recepci\u00f3n, el bar, el restaurante, una piscina cubierta y un gimnasio. El segundo volumen estaba destinado a los <strong>espacios privados y de gesti\u00f3n<\/strong>, como una zona de servicios con oficina, las dependencias del personal e instalaciones. Finalmente, el tercer volumen albergaba las <strong>habitaciones<\/strong> destinadas al alojamiento de los hu\u00e9spedes, de tipo bungalow.<\/p>\n<p>El predominio de las l\u00edneas horizontales y los <strong>paramentos de piedra<\/strong> contribuyen a integrar el edificio, jugando un papel complementario con las l\u00edneas verticales de los \u00e1rboles y su color verde. En el resto de paramentos, se aplicaba el <strong>mimetismo<\/strong> con los colores terrosos del lugar.<\/p>\n<h5>Circulaciones a nivel<\/h5>\n<p>Una ventaja y claro punto fuerte de este proyecto es que todas las <strong>circulaciones<\/strong>, tanto las de acceso al conjunto como las que permit\u00edan llegar a las diferentes zonas edificadas, se llevaban a cabo al mismo nivel. Este sentido pr\u00e1ctico tambi\u00e9n se aplicaba en en <strong>acceso al establecimiento<\/strong>, que se situaba en un punto donde la calle gana anchura y permit\u00eda aparcar sin interrumpie la circulaci\u00f3n de la zona.<\/p>\n<p>Adem\u00e1s, la construcci\u00f3n planeada contemplaba la <strong>supresi\u00f3n del m\u00ednimo de \u00e1rboles posible<\/strong>. Solo aquellos que ocupaban directamente la zona de construcci\u00f3n del hotel y de la piscina y lo que imped\u00edan un asoleado adecuado.<\/p>\n\n\t\t<style type=\"text\/css\">\n\t\t\t#gallery-1 {\n\t\t\t\tmargin: auto;\n\t\t\t}\n\t\t\t#gallery-1 .gallery-item {\n\t\t\t\tfloat: left;\n\t\t\t\tmargin-top: 10px;\n\t\t\t\ttext-align: center;\n\t\t\t\twidth: 33%;\n\t\t\t}\n\t\t\t#gallery-1 img {\n\t\t\t\tborder: 2px solid #cfcfcf;\n\t\t\t}\n\t\t\t#gallery-1 .gallery-caption {\n\t\t\t\tmargin-left: 0;\n\t\t\t}\n\t\t\t\/* see gallery_shortcode() in wp-includes\/media.php *\/\n\t\t<\/style>\n\t\t<div id='gallery-1' class='gallery galleryid-20652 gallery-columns-3 gallery-size-medium'><dl class='gallery-item'>\n\t\t\t<dt class='gallery-icon landscape'>\n\t\t\t\t<a data-rel=\"iLightbox[postimages]\" data-title=\"empla\u00e7ament\" data-caption=\"\" href='https:\/\/criteriabcn.com\/es\/hotel-aiguagelida-de-tamariu-en-plena-costa-brava\/emplacament-2\/'><img decoding=\"async\" width=\"300\" height=\"212\" src=\"https:\/\/criteriabcn.com\/wp-content\/uploads\/2019\/07\/empla\u00e7ament-300x212.jpg\" class=\"attachment-medium size-medium\" alt=\"\" srcset=\"https:\/\/criteriabcn.com\/wp-content\/uploads\/2019\/07\/empla\u00e7ament-200x141.jpg 200w, https:\/\/criteriabcn.com\/wp-content\/uploads\/2019\/07\/empla\u00e7ament-300x212.jpg 300w, https:\/\/criteriabcn.com\/wp-content\/uploads\/2019\/07\/empla\u00e7ament-400x283.jpg 400w, https:\/\/criteriabcn.com\/wp-content\/uploads\/2019\/07\/empla\u00e7ament-600x424.jpg 600w, https:\/\/criteriabcn.com\/wp-content\/uploads\/2019\/07\/empla\u00e7ament-768x543.jpg 768w, https:\/\/criteriabcn.com\/wp-content\/uploads\/2019\/07\/empla\u00e7ament-800x566.jpg 800w, https:\/\/criteriabcn.com\/wp-content\/uploads\/2019\/07\/empla\u00e7ament-1024x724.jpg 1024w, https:\/\/criteriabcn.com\/wp-content\/uploads\/2019\/07\/empla\u00e7ament-1200x848.jpg 1200w, https:\/\/criteriabcn.com\/wp-content\/uploads\/2019\/07\/empla\u00e7ament.jpg 1600w\" sizes=\"(max-width: 300px) 100vw, 300px\" \/><\/a>\n\t\t\t<\/dt><\/dl><dl class='gallery-item'>\n\t\t\t<dt class='gallery-icon landscape'>\n\t\t\t\t<a data-rel=\"iLightbox[postimages]\" data-title=\"planta baja\" data-caption=\"\" href='https:\/\/criteriabcn.com\/es\/hotel-aiguagelida-de-tamariu-en-plena-costa-brava\/planta-baja-2\/'><img decoding=\"async\" width=\"300\" height=\"212\" src=\"https:\/\/criteriabcn.com\/wp-content\/uploads\/2019\/07\/planta-baja-300x212.jpg\" class=\"attachment-medium size-medium\" alt=\"\" srcset=\"https:\/\/criteriabcn.com\/wp-content\/uploads\/2019\/07\/planta-baja-200x141.jpg 200w, https:\/\/criteriabcn.com\/wp-content\/uploads\/2019\/07\/planta-baja-300x212.jpg 300w, https:\/\/criteriabcn.com\/wp-content\/uploads\/2019\/07\/planta-baja-400x283.jpg 400w, https:\/\/criteriabcn.com\/wp-content\/uploads\/2019\/07\/planta-baja-600x424.jpg 600w, https:\/\/criteriabcn.com\/wp-content\/uploads\/2019\/07\/planta-baja-768x543.jpg 768w, https:\/\/criteriabcn.com\/wp-content\/uploads\/2019\/07\/planta-baja-800x566.jpg 800w, https:\/\/criteriabcn.com\/wp-content\/uploads\/2019\/07\/planta-baja-1024x724.jpg 1024w, https:\/\/criteriabcn.com\/wp-content\/uploads\/2019\/07\/planta-baja-1200x848.jpg 1200w, https:\/\/criteriabcn.com\/wp-content\/uploads\/2019\/07\/planta-baja.jpg 1600w\" sizes=\"(max-width: 300px) 100vw, 300px\" \/><\/a>\n\t\t\t<\/dt><\/dl><dl class='gallery-item'>\n\t\t\t<dt class='gallery-icon landscape'>\n\t\t\t\t<a data-rel=\"iLightbox[postimages]\" data-title=\"planta primera aiguagelida\" data-caption=\"\" href='https:\/\/criteriabcn.com\/es\/hotel-aiguagelida-de-tamariu-en-plena-costa-brava\/planta-primera-aiguagelida-2\/'><img decoding=\"async\" width=\"300\" height=\"212\" src=\"https:\/\/criteriabcn.com\/wp-content\/uploads\/2019\/07\/planta-primera-aiguagelida-300x212.jpg\" class=\"attachment-medium size-medium\" alt=\"\" srcset=\"https:\/\/criteriabcn.com\/wp-content\/uploads\/2019\/07\/planta-primera-aiguagelida-200x141.jpg 200w, https:\/\/criteriabcn.com\/wp-content\/uploads\/2019\/07\/planta-primera-aiguagelida-300x212.jpg 300w, https:\/\/criteriabcn.com\/wp-content\/uploads\/2019\/07\/planta-primera-aiguagelida-400x283.jpg 400w, https:\/\/criteriabcn.com\/wp-content\/uploads\/2019\/07\/planta-primera-aiguagelida-600x424.jpg 600w, https:\/\/criteriabcn.com\/wp-content\/uploads\/2019\/07\/planta-primera-aiguagelida-768x543.jpg 768w, https:\/\/criteriabcn.com\/wp-content\/uploads\/2019\/07\/planta-primera-aiguagelida-800x566.jpg 800w, https:\/\/criteriabcn.com\/wp-content\/uploads\/2019\/07\/planta-primera-aiguagelida-1024x724.jpg 1024w, https:\/\/criteriabcn.com\/wp-content\/uploads\/2019\/07\/planta-primera-aiguagelida-1200x848.jpg 1200w, https:\/\/criteriabcn.com\/wp-content\/uploads\/2019\/07\/planta-primera-aiguagelida.jpg 1600w\" sizes=\"(max-width: 300px) 100vw, 300px\" \/><\/a>\n\t\t\t<\/dt><\/dl><br style=\"clear: both\" \/><dl class='gallery-item'>\n\t\t\t<dt class='gallery-icon landscape'>\n\t\t\t\t<a data-rel=\"iLightbox[postimages]\" data-title=\"plantas del hotel\" data-caption=\"\" href='https:\/\/criteriabcn.com\/es\/hotel-aiguagelida-de-tamariu-en-plena-costa-brava\/plantas-del-hotel-2\/'><img decoding=\"async\" width=\"300\" height=\"212\" src=\"https:\/\/criteriabcn.com\/wp-content\/uploads\/2019\/07\/plantas-del-hotel-300x212.jpg\" class=\"attachment-medium size-medium\" alt=\"\" srcset=\"https:\/\/criteriabcn.com\/wp-content\/uploads\/2019\/07\/plantas-del-hotel-200x141.jpg 200w, https:\/\/criteriabcn.com\/wp-content\/uploads\/2019\/07\/plantas-del-hotel-300x212.jpg 300w, https:\/\/criteriabcn.com\/wp-content\/uploads\/2019\/07\/plantas-del-hotel-400x283.jpg 400w, https:\/\/criteriabcn.com\/wp-content\/uploads\/2019\/07\/plantas-del-hotel-600x424.jpg 600w, https:\/\/criteriabcn.com\/wp-content\/uploads\/2019\/07\/plantas-del-hotel-768x543.jpg 768w, https:\/\/criteriabcn.com\/wp-content\/uploads\/2019\/07\/plantas-del-hotel-800x566.jpg 800w, https:\/\/criteriabcn.com\/wp-content\/uploads\/2019\/07\/plantas-del-hotel-1024x724.jpg 1024w, https:\/\/criteriabcn.com\/wp-content\/uploads\/2019\/07\/plantas-del-hotel-1200x848.jpg 1200w, https:\/\/criteriabcn.com\/wp-content\/uploads\/2019\/07\/plantas-del-hotel.jpg 1600w\" sizes=\"(max-width: 300px) 100vw, 300px\" \/><\/a>\n\t\t\t<\/dt><\/dl><dl class='gallery-item'>\n\t\t\t<dt class='gallery-icon landscape'>\n\t\t\t\t<a data-rel=\"iLightbox[postimages]\" data-title=\"secciones\" data-caption=\"\" href='https:\/\/criteriabcn.com\/es\/hotel-aiguagelida-de-tamariu-en-plena-costa-brava\/secciones-2\/'><img decoding=\"async\" width=\"300\" height=\"212\" src=\"https:\/\/criteriabcn.com\/wp-content\/uploads\/2019\/07\/secciones-300x212.jpg\" class=\"attachment-medium size-medium\" alt=\"\" srcset=\"https:\/\/criteriabcn.com\/wp-content\/uploads\/2019\/07\/secciones-200x141.jpg 200w, https:\/\/criteriabcn.com\/wp-content\/uploads\/2019\/07\/secciones-300x212.jpg 300w, https:\/\/criteriabcn.com\/wp-content\/uploads\/2019\/07\/secciones-400x283.jpg 400w, https:\/\/criteriabcn.com\/wp-content\/uploads\/2019\/07\/secciones-600x424.jpg 600w, https:\/\/criteriabcn.com\/wp-content\/uploads\/2019\/07\/secciones-768x543.jpg 768w, https:\/\/criteriabcn.com\/wp-content\/uploads\/2019\/07\/secciones-800x566.jpg 800w, https:\/\/criteriabcn.com\/wp-content\/uploads\/2019\/07\/secciones-1024x724.jpg 1024w, https:\/\/criteriabcn.com\/wp-content\/uploads\/2019\/07\/secciones-1200x848.jpg 1200w, https:\/\/criteriabcn.com\/wp-content\/uploads\/2019\/07\/secciones.jpg 1600w\" sizes=\"(max-width: 300px) 100vw, 300px\" \/><\/a>\n\t\t\t<\/dt><\/dl>\n\t\t\t<br style='clear: both' \/>\n\t\t<\/div>\n\n","protected":false},"excerpt":{"rendered":"<p>Criteria Arquitecthos proyect\u00f3 un establecimiento estructurado en tres vol\u00famenes de  [&#8230;]<\/p>\n","protected":false},"author":3,"featured_media":20640,"comment_status":"open","ping_status":"open","sticky":false,"template":"","format":"standard","meta":{"footnotes":""},"categories":[78],"tags":[291,103,292,293],"class_list":["post-20652","post","type-post","status-publish","format-standard","has-post-thumbnail","hentry","category-hoteles-rurales-con-encanto-es","tag-costa-brava-es","tag-hotel-es","tag-palafrugell-es","tag-tamariu-es"],"yoast_head":"<!-- This site is optimized with the Yoast SEO plugin v24.1 - https:\/\/yoast.com\/wordpress\/plugins\/seo\/ -->\n<title>Hotel Aiguagelida de Tamariu, en plena Costa Brava - Criteria BCN<\/title>\n<meta name=\"robots\" content=\"index, follow, max-snippet:-1, max-image-preview:large, max-video-preview:-1\" \/>\n<link rel=\"canonical\" href=\"https:\/\/criteriabcn.com\/es\/hotel-aiguagelida-de-tamariu-en-plena-costa-brava\/\" \/>\n<meta property=\"og:locale\" content=\"es_ES\" \/>\n<meta property=\"og:type\" content=\"article\" \/>\n<meta property=\"og:title\" content=\"Hotel Aiguagelida de Tamariu, en plena Costa Brava - Criteria BCN\" \/>\n<meta property=\"og:description\" content=\"Criteria Arquitecthos proyect\u00f3 un establecimiento estructurado en tres vol\u00famenes de [...]\" \/>\n<meta property=\"og:url\" content=\"https:\/\/criteriabcn.com\/es\/hotel-aiguagelida-de-tamariu-en-plena-costa-brava\/\" \/>\n<meta property=\"og:site_name\" content=\"Criteria BCN\" \/>\n<meta property=\"article:published_time\" content=\"2019-07-10T17:36:29+00:00\" \/>\n<meta property=\"article:modified_time\" content=\"2019-07-10T17:38:47+00:00\" \/>\n<meta property=\"og:image\" content=\"https:\/\/criteriabcn.com\/wp-content\/uploads\/2019\/07\/R_conjunto.jpg\" \/>\n\t<meta property=\"og:image:width\" content=\"1599\" \/>\n\t<meta property=\"og:image:height\" content=\"584\" \/>\n\t<meta property=\"og:image:type\" content=\"image\/jpeg\" \/>\n<meta name=\"author\" content=\"Criteria BCN\" \/>\n<meta name=\"twitter:card\" content=\"summary_large_image\" \/>\n<meta name=\"twitter:label1\" content=\"Escrito por\" \/>\n\t<meta name=\"twitter:data1\" content=\"Criteria BCN\" \/>\n\t<meta name=\"twitter:label2\" content=\"Tiempo de lectura\" \/>\n\t<meta name=\"twitter:data2\" content=\"2 minutos\" \/>\n<script type=\"application\/ld+json\" class=\"yoast-schema-graph\">{\"@context\":\"https:\/\/schema.org\",\"@graph\":[{\"@type\":\"WebPage\",\"@id\":\"https:\/\/criteriabcn.com\/es\/hotel-aiguagelida-de-tamariu-en-plena-costa-brava\/\",\"url\":\"https:\/\/criteriabcn.com\/es\/hotel-aiguagelida-de-tamariu-en-plena-costa-brava\/\",\"name\":\"Hotel Aiguagelida de Tamariu, en plena Costa Brava - Criteria BCN\",\"isPartOf\":{\"@id\":\"https:\/\/criteriabcn.com\/es\/#website\"},\"primaryImageOfPage\":{\"@id\":\"https:\/\/criteriabcn.com\/es\/hotel-aiguagelida-de-tamariu-en-plena-costa-brava\/#primaryimage\"},\"image\":{\"@id\":\"https:\/\/criteriabcn.com\/es\/hotel-aiguagelida-de-tamariu-en-plena-costa-brava\/#primaryimage\"},\"thumbnailUrl\":\"https:\/\/criteriabcn.com\/wp-content\/uploads\/2019\/07\/R_conjunto.jpg\",\"datePublished\":\"2019-07-10T17:36:29+00:00\",\"dateModified\":\"2019-07-10T17:38:47+00:00\",\"author\":{\"@id\":\"https:\/\/criteriabcn.com\/es\/#\/schema\/person\/9c2e62661035d54d9a5f018e80db749f\"},\"breadcrumb\":{\"@id\":\"https:\/\/criteriabcn.com\/es\/hotel-aiguagelida-de-tamariu-en-plena-costa-brava\/#breadcrumb\"},\"inLanguage\":\"es\",\"potentialAction\":[{\"@type\":\"ReadAction\",\"target\":[\"https:\/\/criteriabcn.com\/es\/hotel-aiguagelida-de-tamariu-en-plena-costa-brava\/\"]}]},{\"@type\":\"ImageObject\",\"inLanguage\":\"es\",\"@id\":\"https:\/\/criteriabcn.com\/es\/hotel-aiguagelida-de-tamariu-en-plena-costa-brava\/#primaryimage\",\"url\":\"https:\/\/criteriabcn.com\/wp-content\/uploads\/2019\/07\/R_conjunto.jpg\",\"contentUrl\":\"https:\/\/criteriabcn.com\/wp-content\/uploads\/2019\/07\/R_conjunto.jpg\",\"width\":1599,\"height\":584,\"caption\":\"Conjunt de l'Hotel Aiguagelida\"},{\"@type\":\"BreadcrumbList\",\"@id\":\"https:\/\/criteriabcn.com\/es\/hotel-aiguagelida-de-tamariu-en-plena-costa-brava\/#breadcrumb\",\"itemListElement\":[{\"@type\":\"ListItem\",\"position\":1,\"name\":\"Inici\",\"item\":\"https:\/\/criteriabcn.com\/es\/\"},{\"@type\":\"ListItem\",\"position\":2,\"name\":\"Hotel Aiguagelida de Tamariu, en plena Costa Brava\"}]},{\"@type\":\"WebSite\",\"@id\":\"https:\/\/criteriabcn.com\/es\/#website\",\"url\":\"https:\/\/criteriabcn.com\/es\/\",\"name\":\"Criteria BCN\",\"description\":\"La arquitectura de los sentidos\",\"potentialAction\":[{\"@type\":\"SearchAction\",\"target\":{\"@type\":\"EntryPoint\",\"urlTemplate\":\"https:\/\/criteriabcn.com\/es\/?s={search_term_string}\"},\"query-input\":{\"@type\":\"PropertyValueSpecification\",\"valueRequired\":true,\"valueName\":\"search_term_string\"}}],\"inLanguage\":\"es\"},{\"@type\":\"Person\",\"@id\":\"https:\/\/criteriabcn.com\/es\/#\/schema\/person\/9c2e62661035d54d9a5f018e80db749f\",\"name\":\"Criteria BCN\",\"image\":{\"@type\":\"ImageObject\",\"inLanguage\":\"es\",\"@id\":\"https:\/\/criteriabcn.com\/es\/#\/schema\/person\/image\/\",\"url\":\"https:\/\/secure.gravatar.com\/avatar\/99ea266d430ad5f71557f1534a5f4b00?s=96&d=mm&r=g\",\"contentUrl\":\"https:\/\/secure.gravatar.com\/avatar\/99ea266d430ad5f71557f1534a5f4b00?s=96&d=mm&r=g\",\"caption\":\"Criteria BCN\"},\"url\":\"https:\/\/criteriabcn.com\/es\/author\/criteriabcn\/\"}]}<\/script>\n<!-- \/ Yoast SEO plugin. -->","yoast_head_json":{"title":"Hotel Aiguagelida de Tamariu, en plena Costa Brava - Criteria BCN","robots":{"index":"index","follow":"follow","max-snippet":"max-snippet:-1","max-image-preview":"max-image-preview:large","max-video-preview":"max-video-preview:-1"},"canonical":"https:\/\/criteriabcn.com\/es\/hotel-aiguagelida-de-tamariu-en-plena-costa-brava\/","og_locale":"es_ES","og_type":"article","og_title":"Hotel Aiguagelida de Tamariu, en plena Costa Brava - Criteria BCN","og_description":"Criteria Arquitecthos proyect\u00f3 un establecimiento estructurado en tres vol\u00famenes de [...]","og_url":"https:\/\/criteriabcn.com\/es\/hotel-aiguagelida-de-tamariu-en-plena-costa-brava\/","og_site_name":"Criteria BCN","article_published_time":"2019-07-10T17:36:29+00:00","article_modified_time":"2019-07-10T17:38:47+00:00","og_image":[{"width":1599,"height":584,"url":"https:\/\/criteriabcn.com\/wp-content\/uploads\/2019\/07\/R_conjunto.jpg","type":"image\/jpeg"}],"author":"Criteria BCN","twitter_card":"summary_large_image","twitter_misc":{"Escrito por":"Criteria BCN","Tiempo de lectura":"2 minutos"},"schema":{"@context":"https:\/\/schema.org","@graph":[{"@type":"WebPage","@id":"https:\/\/criteriabcn.com\/es\/hotel-aiguagelida-de-tamariu-en-plena-costa-brava\/","url":"https:\/\/criteriabcn.com\/es\/hotel-aiguagelida-de-tamariu-en-plena-costa-brava\/","name":"Hotel Aiguagelida de Tamariu, en plena Costa Brava - Criteria BCN","isPartOf":{"@id":"https:\/\/criteriabcn.com\/es\/#website"},"primaryImageOfPage":{"@id":"https:\/\/criteriabcn.com\/es\/hotel-aiguagelida-de-tamariu-en-plena-costa-brava\/#primaryimage"},"image":{"@id":"https:\/\/criteriabcn.com\/es\/hotel-aiguagelida-de-tamariu-en-plena-costa-brava\/#primaryimage"},"thumbnailUrl":"https:\/\/criteriabcn.com\/wp-content\/uploads\/2019\/07\/R_conjunto.jpg","datePublished":"2019-07-10T17:36:29+00:00","dateModified":"2019-07-10T17:38:47+00:00","author":{"@id":"https:\/\/criteriabcn.com\/es\/#\/schema\/person\/9c2e62661035d54d9a5f018e80db749f"},"breadcrumb":{"@id":"https:\/\/criteriabcn.com\/es\/hotel-aiguagelida-de-tamariu-en-plena-costa-brava\/#breadcrumb"},"inLanguage":"es","potentialAction":[{"@type":"ReadAction","target":["https:\/\/criteriabcn.com\/es\/hotel-aiguagelida-de-tamariu-en-plena-costa-brava\/"]}]},{"@type":"ImageObject","inLanguage":"es","@id":"https:\/\/criteriabcn.com\/es\/hotel-aiguagelida-de-tamariu-en-plena-costa-brava\/#primaryimage","url":"https:\/\/criteriabcn.com\/wp-content\/uploads\/2019\/07\/R_conjunto.jpg","contentUrl":"https:\/\/criteriabcn.com\/wp-content\/uploads\/2019\/07\/R_conjunto.jpg","width":1599,"height":584,"caption":"Conjunt de l'Hotel Aiguagelida"},{"@type":"BreadcrumbList","@id":"https:\/\/criteriabcn.com\/es\/hotel-aiguagelida-de-tamariu-en-plena-costa-brava\/#breadcrumb","itemListElement":[{"@type":"ListItem","position":1,"name":"Inici","item":"https:\/\/criteriabcn.com\/es\/"},{"@type":"ListItem","position":2,"name":"Hotel Aiguagelida de Tamariu, en plena Costa Brava"}]},{"@type":"WebSite","@id":"https:\/\/criteriabcn.com\/es\/#website","url":"https:\/\/criteriabcn.com\/es\/","name":"Criteria BCN","description":"La arquitectura de los sentidos","potentialAction":[{"@type":"SearchAction","target":{"@type":"EntryPoint","urlTemplate":"https:\/\/criteriabcn.com\/es\/?s={search_term_string}"},"query-input":{"@type":"PropertyValueSpecification","valueRequired":true,"valueName":"search_term_string"}}],"inLanguage":"es"},{"@type":"Person","@id":"https:\/\/criteriabcn.com\/es\/#\/schema\/person\/9c2e62661035d54d9a5f018e80db749f","name":"Criteria BCN","image":{"@type":"ImageObject","inLanguage":"es","@id":"https:\/\/criteriabcn.com\/es\/#\/schema\/person\/image\/","url":"https:\/\/secure.gravatar.com\/avatar\/99ea266d430ad5f71557f1534a5f4b00?s=96&d=mm&r=g","contentUrl":"https:\/\/secure.gravatar.com\/avatar\/99ea266d430ad5f71557f1534a5f4b00?s=96&d=mm&r=g","caption":"Criteria BCN"},"url":"https:\/\/criteriabcn.com\/es\/author\/criteriabcn\/"}]}},"_links":{"self":[{"href":"https:\/\/criteriabcn.com\/es\/wp-json\/wp\/v2\/posts\/20652","targetHints":{"allow":["GET"]}}],"collection":[{"href":"https:\/\/criteriabcn.com\/es\/wp-json\/wp\/v2\/posts"}],"about":[{"href":"https:\/\/criteriabcn.com\/es\/wp-json\/wp\/v2\/types\/post"}],"author":[{"embeddable":true,"href":"https:\/\/criteriabcn.com\/es\/wp-json\/wp\/v2\/users\/3"}],"replies":[{"embeddable":true,"href":"https:\/\/criteriabcn.com\/es\/wp-json\/wp\/v2\/comments?post=20652"}],"version-history":[{"count":2,"href":"https:\/\/criteriabcn.com\/es\/wp-json\/wp\/v2\/posts\/20652\/revisions"}],"predecessor-version":[{"id":20654,"href":"https:\/\/criteriabcn.com\/es\/wp-json\/wp\/v2\/posts\/20652\/revisions\/20654"}],"wp:featuredmedia":[{"embeddable":true,"href":"https:\/\/criteriabcn.com\/es\/wp-json\/wp\/v2\/media\/20640"}],"wp:attachment":[{"href":"https:\/\/criteriabcn.com\/es\/wp-json\/wp\/v2\/media?parent=20652"}],"wp:term":[{"taxonomy":"category","embeddable":true,"href":"https:\/\/criteriabcn.com\/es\/wp-json\/wp\/v2\/categories?post=20652"},{"taxonomy":"post_tag","embeddable":true,"href":"https:\/\/criteriabcn.com\/es\/wp-json\/wp\/v2\/tags?post=20652"}],"curies":[{"name":"wp","href":"https:\/\/api.w.org\/{rel}","templated":true}]}}