{"id":20692,"date":"2019-09-10T17:01:18","date_gmt":"2019-09-10T16:01:18","guid":{"rendered":"http:\/\/criteriabcn.com\/claudi-martinez-sentir-la-pintura\/"},"modified":"2019-09-10T17:03:01","modified_gmt":"2019-09-10T16:03:01","slug":"claudi-martinez-sentir-la-pintura","status":"publish","type":"post","link":"https:\/\/criteriabcn.com\/es\/claudi-martinez-sentir-la-pintura\/","title":{"rendered":"Claudi Mart\u00ednez, sentir la pintura"},"content":{"rendered":"<h4 style=\"text-align: center;\"><strong>El pintor y doctor en Bellas Artes Carlos Bayod Serafini redact\u00f3 este texto como pr\u00f3logo para el libro del mismo t\u00edtulo que recoge la trayectoria pict\u00f3rica de Claudi Mart\u00ednez, de quien dice que \u201cposee una cualidad vocacional evidente\u201d.<\/strong><\/h4>\n<p><strong>\u00a0<\/strong><\/p>\n<div id=\"attachment_20689\" style=\"width: 310px\" class=\"wp-caption alignleft\"><img decoding=\"async\" aria-describedby=\"caption-attachment-20689\" class=\"size-medium wp-image-20689\" src=\"http:\/\/criteriabcn.com\/wp-content\/uploads\/2019\/09\/bayod-serafini-simetrica-300x200.jpg\" alt=\"Carlos Bayod Serafini\" width=\"300\" height=\"200\" srcset=\"https:\/\/criteriabcn.com\/wp-content\/uploads\/2019\/09\/bayod-serafini-simetrica-200x133.jpg 200w, https:\/\/criteriabcn.com\/wp-content\/uploads\/2019\/09\/bayod-serafini-simetrica-300x200.jpg 300w, https:\/\/criteriabcn.com\/wp-content\/uploads\/2019\/09\/bayod-serafini-simetrica-400x267.jpg 400w, https:\/\/criteriabcn.com\/wp-content\/uploads\/2019\/09\/bayod-serafini-simetrica-600x400.jpg 600w, https:\/\/criteriabcn.com\/wp-content\/uploads\/2019\/09\/bayod-serafini-simetrica-768x512.jpg 768w, https:\/\/criteriabcn.com\/wp-content\/uploads\/2019\/09\/bayod-serafini-simetrica-800x533.jpg 800w, https:\/\/criteriabcn.com\/wp-content\/uploads\/2019\/09\/bayod-serafini-simetrica-1024x683.jpg 1024w, https:\/\/criteriabcn.com\/wp-content\/uploads\/2019\/09\/bayod-serafini-simetrica-1200x800.jpg 1200w, https:\/\/criteriabcn.com\/wp-content\/uploads\/2019\/09\/bayod-serafini-simetrica.jpg 1599w\" sizes=\"(max-width: 300px) 100vw, 300px\" \/><p id=\"caption-attachment-20689\" class=\"wp-caption-text\">Carlos Bayod Serafini<\/p><\/div>\n<p>La <strong>ilusi\u00f3n<\/strong> es el motor m\u00e1s importante que puede tener una persona para realizar cualquier acci\u00f3n. En arte, no s\u00f3lo es necesario, sino imprescindible.<\/p>\n<p>Quien no ha sentido nunca la tentaci\u00f3n de coger unos pinceles y empezar a embadurnar una tela o un papel, y as\u00ed expresar qui\u00e9n sabe qu\u00e9 rec\u00f3ndita sensaci\u00f3n, no puede entender la <strong>necesidad imperante<\/strong> que el artista tiene de realizar su obra. Y tal vez no deber\u00eda decir \u201csu obra\u201d, pues lo que realiza el artista, a parte de la transacci\u00f3n comercial que pueda hacer con ella, no le pertenece, pues es <strong>patrimonio de la humanidad<\/strong>.<\/p>\n<p>El arte es el \u201cGran Lenguaje Universal\u201d y el gran preservador de la vida y motor de la evoluci\u00f3n. Y es que la aparici\u00f3n del <strong>arte propici\u00f3 la evoluci\u00f3n<\/strong> del hombre.<\/p>\n<p>Los seres humanos podemos inventarnos mil razones para destruirnos, pero ah\u00ed est\u00e1 el arte para contrarrestar esta locura. El arte fue el creador del hombre y ahora lo preserva de s\u00ed mismo.<\/p>\n<h5><strong>Vivencia esencial<\/strong><\/h5>\n<p><strong>Claudi Mart\u00ednez <\/strong>posee una cualidad vocacional evidente. Su formaci\u00f3n como <strong>arquitecto<\/strong> y la praxis de su profesi\u00f3n le dieron ya un modo de expresar su mundo interior, que lo hizo, pero necesitaba algo m\u00e1s esencial que no tuviera otra funci\u00f3n que la de existir como obra de arte y fue \u2013para llegar a esta vivencia esencial\u2013 que se inici\u00f3 en la pintura.<\/p>\n<p>Recuerdo sus <strong>primeros pasos como pintor<\/strong>, que los dio en mi estudio y de mi mano. Ha pasado ya mucho tiempo y ha construido su propia historia como podemos ver en este libro. Una historia llena de <strong>sensibilidad<\/strong> y de b\u00fasqueda o de encuentros, qui\u00e9n sabe.<\/p>\n<p>Quien busca, encuentra, y quien encuentra, ya sigue buscando para siempre. Es, en cierta forma, <strong>la energ\u00eda de la vocaci\u00f3n<\/strong> que se va potenciando a s\u00ed misma a partir del trabajo realizado.<\/p>\n<h5><strong>Universo de sensaciones<\/strong><\/h5>\n<p>Todo su universo art\u00edstico est\u00e1 lleno de <strong>sensaciones<\/strong> porque \u00e9stas han sido la materia sutil, esencial, con que ha impregnado sus obras. La pintura, el lienzo o los pinceles solo han sido los medios o soporte de dichas sensaciones, que ha dejado plasmadas, fijadas y vibrando en sus telas.<\/p>\n<p>Al contemplar sus obras, uno puede sentir las <strong>tensiones<\/strong> que se crean entre las partes sutiles de las que est\u00e1n formadas. Son espacios y tiempos que se conjugan y se tensan o sobreponen, creando nuevas tensiones, como si de unos acordes y unas melod\u00edas con sus arm\u00f3nicos se trataran, lo cual crea esta <strong>magia<\/strong> inconmensurable del arte.<\/p>\n<p><strong>\u201cSentir la pintura\u201d <\/strong>encabeza muy bien este escrito, pues \u00e9sta ha sido siempre la forma natural de <strong>Claudi Mart\u00ednez<\/strong> de realizar su trabajo. Lo es como pintor y tambi\u00e9n como arquitecto.<\/p>\n<p>Invito al lector a que se pasee por las p\u00e1ginas de este libro y, si le es posible, que contemple al natural las obras aqu\u00ed representadas. La textura, la materia o el tama\u00f1o son categor\u00edas fundamentales en una obra de arte, por lo que, lo aqu\u00ed representado es s\u00f3lo una referencia, el men\u00fa que nos invita al \u00e1gape, al verdadero <strong>deleite final<\/strong>.<\/p>\n<p>&nbsp;<\/p>\n<p><strong>Carlos Bayod Serafini<\/strong><br \/>\nArtista pintor<br \/>\nDoctor en Bellas Artes<\/p>\n<p>&nbsp;<\/p>\n","protected":false},"excerpt":{"rendered":"<p>El pintor y doctor en Bellas Artes Carlos Bayod Serafini  [&#8230;]<\/p>\n","protected":false},"author":3,"featured_media":20690,"comment_status":"open","ping_status":"open","sticky":false,"template":"","format":"standard","meta":{"footnotes":""},"categories":[187],"tags":[315,182],"class_list":["post-20692","post","type-post","status-publish","format-standard","has-post-thumbnail","hentry","category-art-es","tag-carlos-bayod-serafini-es","tag-claudi-martinez-es"],"yoast_head":"<!-- This site is optimized with the Yoast SEO plugin v24.1 - https:\/\/yoast.com\/wordpress\/plugins\/seo\/ -->\n<title>Claudi Mart\u00ednez, sentir la pintura - Criteria BCN<\/title>\n<meta name=\"robots\" content=\"index, follow, max-snippet:-1, max-image-preview:large, max-video-preview:-1\" \/>\n<link rel=\"canonical\" href=\"https:\/\/criteriabcn.com\/es\/claudi-martinez-sentir-la-pintura\/\" \/>\n<meta property=\"og:locale\" content=\"es_ES\" \/>\n<meta property=\"og:type\" content=\"article\" \/>\n<meta property=\"og:title\" content=\"Claudi Mart\u00ednez, sentir la pintura - Criteria BCN\" \/>\n<meta property=\"og:description\" content=\"El pintor y doctor en Bellas Artes Carlos Bayod Serafini [...]\" \/>\n<meta property=\"og:url\" content=\"https:\/\/criteriabcn.com\/es\/claudi-martinez-sentir-la-pintura\/\" \/>\n<meta property=\"og:site_name\" content=\"Criteria BCN\" \/>\n<meta property=\"article:published_time\" content=\"2019-09-10T16:01:18+00:00\" \/>\n<meta property=\"article:modified_time\" content=\"2019-09-10T16:03:01+00:00\" \/>\n<meta property=\"og:image\" content=\"https:\/\/criteriabcn.com\/wp-content\/uploads\/2019\/09\/bayod-serafini-simetrica.jpg\" \/>\n\t<meta property=\"og:image:width\" content=\"1599\" \/>\n\t<meta property=\"og:image:height\" content=\"1066\" \/>\n\t<meta property=\"og:image:type\" content=\"image\/jpeg\" \/>\n<meta name=\"author\" content=\"Criteria BCN\" \/>\n<meta name=\"twitter:card\" content=\"summary_large_image\" \/>\n<meta name=\"twitter:label1\" content=\"Escrito por\" \/>\n\t<meta name=\"twitter:data1\" content=\"Criteria BCN\" \/>\n\t<meta name=\"twitter:label2\" content=\"Tiempo de lectura\" \/>\n\t<meta name=\"twitter:data2\" content=\"3 minutos\" \/>\n<script type=\"application\/ld+json\" class=\"yoast-schema-graph\">{\"@context\":\"https:\/\/schema.org\",\"@graph\":[{\"@type\":\"WebPage\",\"@id\":\"https:\/\/criteriabcn.com\/es\/claudi-martinez-sentir-la-pintura\/\",\"url\":\"https:\/\/criteriabcn.com\/es\/claudi-martinez-sentir-la-pintura\/\",\"name\":\"Claudi Mart\u00ednez, sentir la pintura - Criteria BCN\",\"isPartOf\":{\"@id\":\"https:\/\/criteriabcn.com\/es\/#website\"},\"primaryImageOfPage\":{\"@id\":\"https:\/\/criteriabcn.com\/es\/claudi-martinez-sentir-la-pintura\/#primaryimage\"},\"image\":{\"@id\":\"https:\/\/criteriabcn.com\/es\/claudi-martinez-sentir-la-pintura\/#primaryimage\"},\"thumbnailUrl\":\"https:\/\/criteriabcn.com\/wp-content\/uploads\/2019\/09\/bayod-serafini-simetrica.jpg\",\"datePublished\":\"2019-09-10T16:01:18+00:00\",\"dateModified\":\"2019-09-10T16:03:01+00:00\",\"author\":{\"@id\":\"https:\/\/criteriabcn.com\/es\/#\/schema\/person\/9c2e62661035d54d9a5f018e80db749f\"},\"breadcrumb\":{\"@id\":\"https:\/\/criteriabcn.com\/es\/claudi-martinez-sentir-la-pintura\/#breadcrumb\"},\"inLanguage\":\"es\",\"potentialAction\":[{\"@type\":\"ReadAction\",\"target\":[\"https:\/\/criteriabcn.com\/es\/claudi-martinez-sentir-la-pintura\/\"]}]},{\"@type\":\"ImageObject\",\"inLanguage\":\"es\",\"@id\":\"https:\/\/criteriabcn.com\/es\/claudi-martinez-sentir-la-pintura\/#primaryimage\",\"url\":\"https:\/\/criteriabcn.com\/wp-content\/uploads\/2019\/09\/bayod-serafini-simetrica.jpg\",\"contentUrl\":\"https:\/\/criteriabcn.com\/wp-content\/uploads\/2019\/09\/bayod-serafini-simetrica.jpg\",\"width\":1599,\"height\":1066,\"caption\":\"Carlos Bayod Serafini\"},{\"@type\":\"BreadcrumbList\",\"@id\":\"https:\/\/criteriabcn.com\/es\/claudi-martinez-sentir-la-pintura\/#breadcrumb\",\"itemListElement\":[{\"@type\":\"ListItem\",\"position\":1,\"name\":\"Inici\",\"item\":\"https:\/\/criteriabcn.com\/es\/\"},{\"@type\":\"ListItem\",\"position\":2,\"name\":\"Claudi Mart\u00ednez, sentir la pintura\"}]},{\"@type\":\"WebSite\",\"@id\":\"https:\/\/criteriabcn.com\/es\/#website\",\"url\":\"https:\/\/criteriabcn.com\/es\/\",\"name\":\"Criteria BCN\",\"description\":\"La arquitectura de los sentidos\",\"potentialAction\":[{\"@type\":\"SearchAction\",\"target\":{\"@type\":\"EntryPoint\",\"urlTemplate\":\"https:\/\/criteriabcn.com\/es\/?s={search_term_string}\"},\"query-input\":{\"@type\":\"PropertyValueSpecification\",\"valueRequired\":true,\"valueName\":\"search_term_string\"}}],\"inLanguage\":\"es\"},{\"@type\":\"Person\",\"@id\":\"https:\/\/criteriabcn.com\/es\/#\/schema\/person\/9c2e62661035d54d9a5f018e80db749f\",\"name\":\"Criteria BCN\",\"image\":{\"@type\":\"ImageObject\",\"inLanguage\":\"es\",\"@id\":\"https:\/\/criteriabcn.com\/es\/#\/schema\/person\/image\/\",\"url\":\"https:\/\/secure.gravatar.com\/avatar\/99ea266d430ad5f71557f1534a5f4b00?s=96&d=mm&r=g\",\"contentUrl\":\"https:\/\/secure.gravatar.com\/avatar\/99ea266d430ad5f71557f1534a5f4b00?s=96&d=mm&r=g\",\"caption\":\"Criteria BCN\"},\"url\":\"https:\/\/criteriabcn.com\/es\/author\/criteriabcn\/\"}]}<\/script>\n<!-- \/ Yoast SEO plugin. -->","yoast_head_json":{"title":"Claudi Mart\u00ednez, sentir la pintura - Criteria BCN","robots":{"index":"index","follow":"follow","max-snippet":"max-snippet:-1","max-image-preview":"max-image-preview:large","max-video-preview":"max-video-preview:-1"},"canonical":"https:\/\/criteriabcn.com\/es\/claudi-martinez-sentir-la-pintura\/","og_locale":"es_ES","og_type":"article","og_title":"Claudi Mart\u00ednez, sentir la pintura - Criteria BCN","og_description":"El pintor y doctor en Bellas Artes Carlos Bayod Serafini [...]","og_url":"https:\/\/criteriabcn.com\/es\/claudi-martinez-sentir-la-pintura\/","og_site_name":"Criteria BCN","article_published_time":"2019-09-10T16:01:18+00:00","article_modified_time":"2019-09-10T16:03:01+00:00","og_image":[{"width":1599,"height":1066,"url":"https:\/\/criteriabcn.com\/wp-content\/uploads\/2019\/09\/bayod-serafini-simetrica.jpg","type":"image\/jpeg"}],"author":"Criteria BCN","twitter_card":"summary_large_image","twitter_misc":{"Escrito por":"Criteria BCN","Tiempo de lectura":"3 minutos"},"schema":{"@context":"https:\/\/schema.org","@graph":[{"@type":"WebPage","@id":"https:\/\/criteriabcn.com\/es\/claudi-martinez-sentir-la-pintura\/","url":"https:\/\/criteriabcn.com\/es\/claudi-martinez-sentir-la-pintura\/","name":"Claudi Mart\u00ednez, sentir la pintura - Criteria BCN","isPartOf":{"@id":"https:\/\/criteriabcn.com\/es\/#website"},"primaryImageOfPage":{"@id":"https:\/\/criteriabcn.com\/es\/claudi-martinez-sentir-la-pintura\/#primaryimage"},"image":{"@id":"https:\/\/criteriabcn.com\/es\/claudi-martinez-sentir-la-pintura\/#primaryimage"},"thumbnailUrl":"https:\/\/criteriabcn.com\/wp-content\/uploads\/2019\/09\/bayod-serafini-simetrica.jpg","datePublished":"2019-09-10T16:01:18+00:00","dateModified":"2019-09-10T16:03:01+00:00","author":{"@id":"https:\/\/criteriabcn.com\/es\/#\/schema\/person\/9c2e62661035d54d9a5f018e80db749f"},"breadcrumb":{"@id":"https:\/\/criteriabcn.com\/es\/claudi-martinez-sentir-la-pintura\/#breadcrumb"},"inLanguage":"es","potentialAction":[{"@type":"ReadAction","target":["https:\/\/criteriabcn.com\/es\/claudi-martinez-sentir-la-pintura\/"]}]},{"@type":"ImageObject","inLanguage":"es","@id":"https:\/\/criteriabcn.com\/es\/claudi-martinez-sentir-la-pintura\/#primaryimage","url":"https:\/\/criteriabcn.com\/wp-content\/uploads\/2019\/09\/bayod-serafini-simetrica.jpg","contentUrl":"https:\/\/criteriabcn.com\/wp-content\/uploads\/2019\/09\/bayod-serafini-simetrica.jpg","width":1599,"height":1066,"caption":"Carlos Bayod Serafini"},{"@type":"BreadcrumbList","@id":"https:\/\/criteriabcn.com\/es\/claudi-martinez-sentir-la-pintura\/#breadcrumb","itemListElement":[{"@type":"ListItem","position":1,"name":"Inici","item":"https:\/\/criteriabcn.com\/es\/"},{"@type":"ListItem","position":2,"name":"Claudi Mart\u00ednez, sentir la pintura"}]},{"@type":"WebSite","@id":"https:\/\/criteriabcn.com\/es\/#website","url":"https:\/\/criteriabcn.com\/es\/","name":"Criteria BCN","description":"La arquitectura de los sentidos","potentialAction":[{"@type":"SearchAction","target":{"@type":"EntryPoint","urlTemplate":"https:\/\/criteriabcn.com\/es\/?s={search_term_string}"},"query-input":{"@type":"PropertyValueSpecification","valueRequired":true,"valueName":"search_term_string"}}],"inLanguage":"es"},{"@type":"Person","@id":"https:\/\/criteriabcn.com\/es\/#\/schema\/person\/9c2e62661035d54d9a5f018e80db749f","name":"Criteria BCN","image":{"@type":"ImageObject","inLanguage":"es","@id":"https:\/\/criteriabcn.com\/es\/#\/schema\/person\/image\/","url":"https:\/\/secure.gravatar.com\/avatar\/99ea266d430ad5f71557f1534a5f4b00?s=96&d=mm&r=g","contentUrl":"https:\/\/secure.gravatar.com\/avatar\/99ea266d430ad5f71557f1534a5f4b00?s=96&d=mm&r=g","caption":"Criteria BCN"},"url":"https:\/\/criteriabcn.com\/es\/author\/criteriabcn\/"}]}},"_links":{"self":[{"href":"https:\/\/criteriabcn.com\/es\/wp-json\/wp\/v2\/posts\/20692","targetHints":{"allow":["GET"]}}],"collection":[{"href":"https:\/\/criteriabcn.com\/es\/wp-json\/wp\/v2\/posts"}],"about":[{"href":"https:\/\/criteriabcn.com\/es\/wp-json\/wp\/v2\/types\/post"}],"author":[{"embeddable":true,"href":"https:\/\/criteriabcn.com\/es\/wp-json\/wp\/v2\/users\/3"}],"replies":[{"embeddable":true,"href":"https:\/\/criteriabcn.com\/es\/wp-json\/wp\/v2\/comments?post=20692"}],"version-history":[{"count":3,"href":"https:\/\/criteriabcn.com\/es\/wp-json\/wp\/v2\/posts\/20692\/revisions"}],"predecessor-version":[{"id":20695,"href":"https:\/\/criteriabcn.com\/es\/wp-json\/wp\/v2\/posts\/20692\/revisions\/20695"}],"wp:featuredmedia":[{"embeddable":true,"href":"https:\/\/criteriabcn.com\/es\/wp-json\/wp\/v2\/media\/20690"}],"wp:attachment":[{"href":"https:\/\/criteriabcn.com\/es\/wp-json\/wp\/v2\/media?parent=20692"}],"wp:term":[{"taxonomy":"category","embeddable":true,"href":"https:\/\/criteriabcn.com\/es\/wp-json\/wp\/v2\/categories?post=20692"},{"taxonomy":"post_tag","embeddable":true,"href":"https:\/\/criteriabcn.com\/es\/wp-json\/wp\/v2\/tags?post=20692"}],"curies":[{"name":"wp","href":"https:\/\/api.w.org\/{rel}","templated":true}]}}