{"id":21190,"date":"2021-02-26T13:48:20","date_gmt":"2021-02-26T12:48:20","guid":{"rendered":"http:\/\/criteriabcn.com\/?p=21190"},"modified":"2021-03-30T22:44:30","modified_gmt":"2021-03-30T21:44:30","slug":"la-arquitectura-de-los-sentidos-spa-hotel-mas-gran","status":"publish","type":"post","link":"https:\/\/criteriabcn.com\/es\/la-arquitectura-de-los-sentidos-spa-hotel-mas-gran\/","title":{"rendered":"Spa Hotel Mas Gran"},"content":{"rendered":"<div class=\"fusion-fullwidth fullwidth-box fusion-builder-row-1 fusion-flex-container nonhundred-percent-fullwidth non-hundred-percent-height-scrolling\" style=\"--awb-border-radius-top-left:0px;--awb-border-radius-top-right:0px;--awb-border-radius-bottom-right:0px;--awb-border-radius-bottom-left:0px;--awb-flex-wrap:wrap;\" ><div class=\"fusion-builder-row fusion-row fusion-flex-align-items-flex-start fusion-flex-content-wrap\" style=\"max-width:calc( 1100px + 0px );margin-left: calc(-0px \/ 2 );margin-right: calc(-0px \/ 2 );\"><div class=\"fusion-layout-column fusion_builder_column fusion-builder-column-0 fusion_builder_column_1_1 1_1 fusion-flex-column\" style=\"--awb-bg-size:cover;--awb-width-large:100%;--awb-margin-top-large:0px;--awb-spacing-right-large:0px;--awb-margin-bottom-large:20px;--awb-spacing-left-large:0px;--awb-width-medium:100%;--awb-spacing-right-medium:0px;--awb-spacing-left-medium:0px;--awb-width-small:100%;--awb-spacing-right-small:0px;--awb-spacing-left-small:0px;\"><div class=\"fusion-column-wrapper fusion-flex-justify-content-flex-start fusion-content-layout-column\"><div class=\"fusion-text fusion-text-1\"><h4 style=\"text-align: center;\"><strong>Intervenci\u00f3n respetuosa con el entorno y perfectamente integrada en el paisaje. <\/strong><\/h4>\n<\/div><div class=\"fusion-text fusion-text-2\"><div id=\"attachment_21153\" style=\"width: 1410px\" class=\"wp-caption aligncenter\"><img decoding=\"async\" aria-describedby=\"caption-attachment-21153\" class=\"size-full wp-image-21153\" src=\"http:\/\/criteriabcn.com\/wp-content\/uploads\/2021\/02\/Spa_Hotel_Mas_Gran_vista_general_1_cap\u00e7alera.png\" alt=\"Spa Hotel Mas Gran. Integraci\u00f3 amb el paisatge\" width=\"1400\" height=\"500\" srcset=\"https:\/\/criteriabcn.com\/wp-content\/uploads\/2021\/02\/Spa_Hotel_Mas_Gran_vista_general_1_cap\u00e7alera-200x71.png 200w, https:\/\/criteriabcn.com\/wp-content\/uploads\/2021\/02\/Spa_Hotel_Mas_Gran_vista_general_1_cap\u00e7alera-300x107.png 300w, https:\/\/criteriabcn.com\/wp-content\/uploads\/2021\/02\/Spa_Hotel_Mas_Gran_vista_general_1_cap\u00e7alera-400x143.png 400w, https:\/\/criteriabcn.com\/wp-content\/uploads\/2021\/02\/Spa_Hotel_Mas_Gran_vista_general_1_cap\u00e7alera-600x214.png 600w, https:\/\/criteriabcn.com\/wp-content\/uploads\/2021\/02\/Spa_Hotel_Mas_Gran_vista_general_1_cap\u00e7alera-768x274.png 768w, https:\/\/criteriabcn.com\/wp-content\/uploads\/2021\/02\/Spa_Hotel_Mas_Gran_vista_general_1_cap\u00e7alera-800x286.png 800w, https:\/\/criteriabcn.com\/wp-content\/uploads\/2021\/02\/Spa_Hotel_Mas_Gran_vista_general_1_cap\u00e7alera-1024x366.png 1024w, https:\/\/criteriabcn.com\/wp-content\/uploads\/2021\/02\/Spa_Hotel_Mas_Gran_vista_general_1_cap\u00e7alera-1200x429.png 1200w, https:\/\/criteriabcn.com\/wp-content\/uploads\/2021\/02\/Spa_Hotel_Mas_Gran_vista_general_1_cap\u00e7alera.png 1400w\" sizes=\"(max-width: 1400px) 100vw, 1400px\" \/><p id=\"caption-attachment-21153\" class=\"wp-caption-text\">Spa Hotel Mas Gran. Integraci\u00f3n con el paisaje.<\/p><\/div>\n<\/div><div class=\"fusion-text fusion-text-3\"><p>Durante la crisis econ\u00f3mica del 2007 el sector inmobiliario y tur\u00edstico qued\u00f3 muy afectado debido a la especulaci\u00f3n urban\u00edstica que se vivi\u00f3 durante el boom inmobiliario. Este acontecimiento oblig\u00f3 a buscar nuevas formas de pensar el turismo y de construir, que pusieron de manifiesto la importancia de la conservaci\u00f3n y rehabilitaci\u00f3n del patrimonio existente para reconvertirlo en espacios respetuosos con el entorno y que ofrecieran nuevos servicios a un nuevo turismo que surgir\u00eda en este nuevo contexto.<\/p>\n<div id=\"attachment_21161\" style=\"width: 310px\" class=\"wp-caption alignleft\"><img decoding=\"async\" aria-describedby=\"caption-attachment-21161\" class=\"wp-image-21161 size-full\" src=\"http:\/\/criteriabcn.com\/wp-content\/uploads\/2021\/02\/Spa_Hotel_Mas_Gran_vista_general_2_300.png\" alt=\"Spa Hotel Mas Gran. Vista exterior.\" width=\"300\" height=\"300\" srcset=\"https:\/\/criteriabcn.com\/wp-content\/uploads\/2021\/02\/Spa_Hotel_Mas_Gran_vista_general_2_300-66x66.png 66w, https:\/\/criteriabcn.com\/wp-content\/uploads\/2021\/02\/Spa_Hotel_Mas_Gran_vista_general_2_300-150x150.png 150w, https:\/\/criteriabcn.com\/wp-content\/uploads\/2021\/02\/Spa_Hotel_Mas_Gran_vista_general_2_300-200x200.png 200w, https:\/\/criteriabcn.com\/wp-content\/uploads\/2021\/02\/Spa_Hotel_Mas_Gran_vista_general_2_300.png 300w\" sizes=\"(max-width: 300px) 100vw, 300px\" \/><p id=\"caption-attachment-21161\" class=\"wp-caption-text\">Spa Hotel Mas Gran. Vista exterior.<\/p><\/div>\n<p><strong>Historia y entorno<\/strong><\/p>\n<p>En el a\u00f1o 2008, Criteria Arquitecthos recibi\u00f3 el encargo de dise\u00f1ar un spa en una zona de una aut\u00e9ntica mas\u00eda catalana construida en el a\u00f1o 1612 con las ruinas de un antiguo castillo, reconvertida en un bonito hotel de lujo de ocho habitaciones personalizadas: el Hotel Mas Gran.<\/p>\n<p>La antigua mas\u00eda se encuentra en la urbanizaci\u00f3n Vall Rep\u00f2s, en un espacio protegido dentro de la Sierra de las Gavarres, en la comarca del Empord\u00e0, cerca de poblaciones como Palam\u00f3s o S&#8217;Agar\u00f3. Tal y como su propio nombre indica, el espacio da lugar al descanso o a practicar actividades l\u00fadicas en un entorno envidiable, en medio de la naturaleza dentro de un bosque t\u00edpico del Mediterr\u00e1neo.<\/p>\n<p>Para poder ofrecer una gran variedad de actividades y servicios m\u00e1s all\u00e1 del alojamiento, se pens\u00f3 en ampliar la oferta con una zona de relax y spa que dispusiera de aguas termales tanto en el interior como en el exterior, que ir\u00eda ubicada en un anejo de planta baja de la mas\u00eda.<\/p>\n<div id=\"attachment_21173\" style=\"width: 310px\" class=\"wp-caption alignright\"><img decoding=\"async\" aria-describedby=\"caption-attachment-21173\" class=\"size-full wp-image-21173\" src=\"http:\/\/criteriabcn.com\/wp-content\/uploads\/2021\/02\/Spa_Hotel_Mas_Gran_interior_2_300.png\" alt=\"Spa Hotel Mas Gran. Aig\u00fces termals.\" width=\"300\" height=\"300\" srcset=\"https:\/\/criteriabcn.com\/wp-content\/uploads\/2021\/02\/Spa_Hotel_Mas_Gran_interior_2_300-66x66.png 66w, https:\/\/criteriabcn.com\/wp-content\/uploads\/2021\/02\/Spa_Hotel_Mas_Gran_interior_2_300-150x150.png 150w, https:\/\/criteriabcn.com\/wp-content\/uploads\/2021\/02\/Spa_Hotel_Mas_Gran_interior_2_300-200x200.png 200w, https:\/\/criteriabcn.com\/wp-content\/uploads\/2021\/02\/Spa_Hotel_Mas_Gran_interior_2_300.png 300w\" sizes=\"(max-width: 300px) 100vw, 300px\" \/><p id=\"caption-attachment-21173\" class=\"wp-caption-text\">Spa Hotel Mas Gran. Aguas termales.<\/p><\/div>\n<p><strong>Integraci\u00f3n al paisaje <\/strong><\/p>\n<p>La actuaci\u00f3n para rehabilitar una zona de la mas\u00eda y reconvertirla en spa para desconectar del estr\u00e9s de la ciudad y descansar, ten\u00eda que hacerse con mucho cuidado y respeto a la historia y tradici\u00f3n de la zona en la que se encuentra.<\/p>\n<p>Una de las prioridades con las que trabaj\u00f3 Criteria Arquitecthos fue la de garantizar la integraci\u00f3n de este nuevo espacio en el paisaje que lo rodea. Por eso, tanto desde la zona de las piscinas como desde la zona de las tumbonas se cre\u00f3 una continuidad visual a trav\u00e9s de unos grandes ventanales entre dos mundos, entre lo cerrado y lo abierto, entre el interior y el exterior, entre lo p\u00fablico y lo privado, entre la sombra y la luz.<\/p>\n<p>Los ventanales, que forman parte de la composici\u00f3n de la fachada, constituyen un contorno que enmarca el paisaje. Todo es un placer para los sentidos, ya sea por las visuales al observar la cuidada decoraci\u00f3n o por los paisajes que se divisan a trav\u00e9s de las ventanas.<\/p>\n<\/div><div class=\"awb-gallery-wrapper awb-gallery-wrapper-1 button-span-no\"><div style=\"margin:-20px;--awb-bordersize:0px;\" class=\"fusion-gallery fusion-gallery-container fusion-grid-3 fusion-columns-total-6 fusion-gallery-layout-grid fusion-gallery-1\"><div style=\"padding:20px;\" class=\"fusion-grid-column fusion-gallery-column fusion-gallery-column-3 hover-type-none\"><div class=\"fusion-gallery-image\"><a href=\"https:\/\/criteriabcn.com\/wp-content\/uploads\/2021\/02\/Spa_Hotel_Mas_Gran_vista_general_1_1200.png\" rel=\"noreferrer\" data-rel=\"iLightbox[gallery_image_1]\" class=\"fusion-lightbox\" target=\"_self\"><img decoding=\"async\" src=\"https:\/\/criteriabcn.com\/wp-content\/uploads\/2021\/02\/Spa_Hotel_Mas_Gran_vista_general_1_1200-460x295.png\" width=\"460\" height=\"295\" alt=\"Spa Hotel Mas Gran. Integraci\u00f3 amb el paisatge\" title=\"Spa_Hotel_Mas_Gran_vista_general_1_1200\" aria-label=\"Spa_Hotel_Mas_Gran_vista_general_1_1200\" class=\"img-responsive wp-image-21156 fusion-gallery-image-size-fixed\"  \/><\/a><\/div><\/div><div style=\"padding:20px;\" class=\"fusion-grid-column fusion-gallery-column fusion-gallery-column-3 hover-type-none\"><div class=\"fusion-gallery-image\"><a href=\"https:\/\/criteriabcn.com\/wp-content\/uploads\/2021\/02\/Spa_Hotel_Mas_Gran_vista_general_2_1200.png\" rel=\"noreferrer\" data-rel=\"iLightbox[gallery_image_1]\" class=\"fusion-lightbox\" target=\"_self\"><img decoding=\"async\" src=\"https:\/\/criteriabcn.com\/wp-content\/uploads\/2021\/02\/Spa_Hotel_Mas_Gran_vista_general_2_1200-460x295.png\" width=\"460\" height=\"295\" alt=\"Spa Hotel Mas Gran. Vista exterior amb paisatge.\" title=\"Spa_Hotel_Mas_Gran_vista_general_2_1200\" aria-label=\"Spa_Hotel_Mas_Gran_vista_general_2_1200\" class=\"img-responsive wp-image-21164 fusion-gallery-image-size-fixed\"  \/><\/a><\/div><\/div><div style=\"padding:20px;\" class=\"fusion-grid-column fusion-gallery-column fusion-gallery-column-3 hover-type-none\"><div class=\"fusion-gallery-image\"><a href=\"https:\/\/criteriabcn.com\/wp-content\/uploads\/2021\/02\/Spa_Hotel_Mas_Gran_vista_general_3_1200.png\" rel=\"noreferrer\" data-rel=\"iLightbox[gallery_image_1]\" class=\"fusion-lightbox\" target=\"_self\"><img decoding=\"async\" src=\"https:\/\/criteriabcn.com\/wp-content\/uploads\/2021\/02\/Spa_Hotel_Mas_Gran_vista_general_3_1200-460x295.png\" width=\"460\" height=\"295\" alt=\"Spa Hotel Mas Gran. Vista exterior.\" title=\"Spa_Hotel_Mas_Gran_vista_general_3_1200\" aria-label=\"Spa_Hotel_Mas_Gran_vista_general_3_1200\" class=\"img-responsive wp-image-21168 fusion-gallery-image-size-fixed\"  \/><\/a><\/div><\/div><div class=\"clearfix\"><\/div><div style=\"padding:20px;\" class=\"fusion-grid-column fusion-gallery-column fusion-gallery-column-3 hover-type-none\"><div class=\"fusion-gallery-image\"><a href=\"https:\/\/criteriabcn.com\/wp-content\/uploads\/2021\/02\/Spa_Hotel_Mas_Gran_interior_2_1200.png\" rel=\"noreferrer\" data-rel=\"iLightbox[gallery_image_1]\" class=\"fusion-lightbox\" target=\"_self\"><img decoding=\"async\" src=\"https:\/\/criteriabcn.com\/wp-content\/uploads\/2021\/02\/Spa_Hotel_Mas_Gran_interior_2_1200-460x295.png\" width=\"460\" height=\"295\" alt=\"Spa Hotel Mas Gran. Aig\u00fces termals.\" title=\"Spa_Hotel_Mas_Gran_interior_2_1200\" aria-label=\"Spa_Hotel_Mas_Gran_interior_2_1200\" class=\"img-responsive wp-image-21176 fusion-gallery-image-size-fixed\"  \/><\/a><\/div><\/div><div style=\"padding:20px;\" class=\"fusion-grid-column fusion-gallery-column fusion-gallery-column-3 hover-type-none\"><div class=\"fusion-gallery-image\"><a href=\"https:\/\/criteriabcn.com\/wp-content\/uploads\/2021\/02\/Spa_Hotel_Mas_Gran_interior_1_1200.png\" rel=\"noreferrer\" data-rel=\"iLightbox[gallery_image_1]\" class=\"fusion-lightbox\" target=\"_self\"><img decoding=\"async\" src=\"https:\/\/criteriabcn.com\/wp-content\/uploads\/2021\/02\/Spa_Hotel_Mas_Gran_interior_1_1200-460x295.png\" width=\"460\" height=\"295\" alt=\"Spa Hotel Mas Gran. Vista interior.\" title=\"Spa_Hotel_Mas_Gran_interior_1_1200\" aria-label=\"Spa_Hotel_Mas_Gran_interior_1_1200\" class=\"img-responsive wp-image-21172 fusion-gallery-image-size-fixed\"  \/><\/a><\/div><\/div><div style=\"padding:20px;\" class=\"fusion-grid-column fusion-gallery-column fusion-gallery-column-3 hover-type-none\"><div class=\"fusion-gallery-image\"><a href=\"https:\/\/criteriabcn.com\/wp-content\/uploads\/2021\/02\/Planta_Spa_Hotel_Mas_Gran.png\" rel=\"noreferrer\" data-rel=\"iLightbox[gallery_image_1]\" class=\"fusion-lightbox\" target=\"_self\"><img decoding=\"async\" src=\"https:\/\/criteriabcn.com\/wp-content\/uploads\/2021\/02\/Planta_Spa_Hotel_Mas_Gran-460x295.png\" width=\"460\" height=\"295\" alt=\"Planta distribuci\u00f3 Spa Hotel Mas Gran\" title=\"Planta_Spa_Hotel_Mas_Gran\" aria-label=\"Planta_Spa_Hotel_Mas_Gran\" class=\"img-responsive wp-image-21178 fusion-gallery-image-size-fixed\"  \/><\/a><\/div><\/div><div class=\"clearfix\"><\/div><\/div><\/div><\/div><\/div><\/div><\/div>\n","protected":false},"excerpt":{"rendered":"","protected":false},"author":5,"featured_media":21164,"comment_status":"open","ping_status":"open","sticky":false,"template":"","format":"standard","meta":{"footnotes":""},"categories":[215,231,77,107,78,80],"tags":[376,367,364,378,379,377,375,374,189,210,101,373,357,360],"class_list":["post-21190","post","type-post","status-publish","format-standard","has-post-thumbnail","hentry","category-arquitectura-de-los-sentidos","category-arquitectura-dels-sentits-es","category-diseno-de-hoteles-con-encanto-es","category-hoteles-rurales-es","category-hoteles-rurales-con-encanto-es","category-renovacion-de-hoteles-es","tag-376","tag-367","tag-210-es","tag-378","tag-379","tag-377","tag-375","tag-aguas-termales","tag-arquitectura-de-los-sentidos","tag-arquitectura-dels-sentits-es","tag-descanso-es","tag-diseno-spa","tag-hotel-rural-es","tag-relax-es"],"yoast_head":"<!-- This site is optimized with the Yoast SEO plugin v24.1 - https:\/\/yoast.com\/wordpress\/plugins\/seo\/ -->\n<title>Spa Hotel Mas Gran - Criteria BCN<\/title>\n<meta name=\"robots\" content=\"index, follow, max-snippet:-1, max-image-preview:large, max-video-preview:-1\" \/>\n<link rel=\"canonical\" href=\"https:\/\/criteriabcn.com\/es\/la-arquitectura-de-los-sentidos-spa-hotel-mas-gran\/\" \/>\n<meta property=\"og:locale\" content=\"es_ES\" \/>\n<meta property=\"og:type\" content=\"article\" \/>\n<meta property=\"og:title\" content=\"Spa Hotel Mas Gran - Criteria BCN\" \/>\n<meta property=\"og:url\" content=\"https:\/\/criteriabcn.com\/es\/la-arquitectura-de-los-sentidos-spa-hotel-mas-gran\/\" \/>\n<meta property=\"og:site_name\" content=\"Criteria BCN\" \/>\n<meta property=\"article:published_time\" content=\"2021-02-26T12:48:20+00:00\" \/>\n<meta property=\"article:modified_time\" content=\"2021-03-30T21:44:30+00:00\" \/>\n<meta property=\"og:image\" content=\"https:\/\/criteriabcn.com\/wp-content\/uploads\/2021\/02\/Spa_Hotel_Mas_Gran_vista_general_2_1200.png\" \/>\n\t<meta property=\"og:image:width\" content=\"1200\" \/>\n\t<meta property=\"og:image:height\" content=\"720\" \/>\n\t<meta property=\"og:image:type\" content=\"image\/png\" \/>\n<meta name=\"author\" content=\"Cristina Morales\" \/>\n<meta name=\"twitter:card\" content=\"summary_large_image\" \/>\n<meta name=\"twitter:label1\" content=\"Escrito por\" \/>\n\t<meta name=\"twitter:data1\" content=\"Cristina Morales\" \/>\n\t<meta name=\"twitter:label2\" content=\"Tiempo de lectura\" \/>\n\t<meta name=\"twitter:data2\" content=\"4 minutos\" \/>\n<script type=\"application\/ld+json\" class=\"yoast-schema-graph\">{\"@context\":\"https:\/\/schema.org\",\"@graph\":[{\"@type\":\"WebPage\",\"@id\":\"https:\/\/criteriabcn.com\/es\/la-arquitectura-de-los-sentidos-spa-hotel-mas-gran\/\",\"url\":\"https:\/\/criteriabcn.com\/es\/la-arquitectura-de-los-sentidos-spa-hotel-mas-gran\/\",\"name\":\"Spa Hotel Mas Gran - Criteria BCN\",\"isPartOf\":{\"@id\":\"https:\/\/criteriabcn.com\/es\/#website\"},\"primaryImageOfPage\":{\"@id\":\"https:\/\/criteriabcn.com\/es\/la-arquitectura-de-los-sentidos-spa-hotel-mas-gran\/#primaryimage\"},\"image\":{\"@id\":\"https:\/\/criteriabcn.com\/es\/la-arquitectura-de-los-sentidos-spa-hotel-mas-gran\/#primaryimage\"},\"thumbnailUrl\":\"https:\/\/criteriabcn.com\/wp-content\/uploads\/2021\/02\/Spa_Hotel_Mas_Gran_vista_general_2_1200.png\",\"datePublished\":\"2021-02-26T12:48:20+00:00\",\"dateModified\":\"2021-03-30T21:44:30+00:00\",\"author\":{\"@id\":\"https:\/\/criteriabcn.com\/es\/#\/schema\/person\/0a167b424222f14270302fd5ec9c024c\"},\"breadcrumb\":{\"@id\":\"https:\/\/criteriabcn.com\/es\/la-arquitectura-de-los-sentidos-spa-hotel-mas-gran\/#breadcrumb\"},\"inLanguage\":\"es\",\"potentialAction\":[{\"@type\":\"ReadAction\",\"target\":[\"https:\/\/criteriabcn.com\/es\/la-arquitectura-de-los-sentidos-spa-hotel-mas-gran\/\"]}]},{\"@type\":\"ImageObject\",\"inLanguage\":\"es\",\"@id\":\"https:\/\/criteriabcn.com\/es\/la-arquitectura-de-los-sentidos-spa-hotel-mas-gran\/#primaryimage\",\"url\":\"https:\/\/criteriabcn.com\/wp-content\/uploads\/2021\/02\/Spa_Hotel_Mas_Gran_vista_general_2_1200.png\",\"contentUrl\":\"https:\/\/criteriabcn.com\/wp-content\/uploads\/2021\/02\/Spa_Hotel_Mas_Gran_vista_general_2_1200.png\",\"width\":1200,\"height\":720,\"caption\":\"Spa Hotel Mas Gran. Vista exterior amb paisatge.\"},{\"@type\":\"BreadcrumbList\",\"@id\":\"https:\/\/criteriabcn.com\/es\/la-arquitectura-de-los-sentidos-spa-hotel-mas-gran\/#breadcrumb\",\"itemListElement\":[{\"@type\":\"ListItem\",\"position\":1,\"name\":\"Inici\",\"item\":\"https:\/\/criteriabcn.com\/es\/\"},{\"@type\":\"ListItem\",\"position\":2,\"name\":\"Spa Hotel Mas Gran\"}]},{\"@type\":\"WebSite\",\"@id\":\"https:\/\/criteriabcn.com\/es\/#website\",\"url\":\"https:\/\/criteriabcn.com\/es\/\",\"name\":\"Criteria BCN\",\"description\":\"La arquitectura de los sentidos\",\"potentialAction\":[{\"@type\":\"SearchAction\",\"target\":{\"@type\":\"EntryPoint\",\"urlTemplate\":\"https:\/\/criteriabcn.com\/es\/?s={search_term_string}\"},\"query-input\":{\"@type\":\"PropertyValueSpecification\",\"valueRequired\":true,\"valueName\":\"search_term_string\"}}],\"inLanguage\":\"es\"},{\"@type\":\"Person\",\"@id\":\"https:\/\/criteriabcn.com\/es\/#\/schema\/person\/0a167b424222f14270302fd5ec9c024c\",\"name\":\"Cristina Morales\",\"image\":{\"@type\":\"ImageObject\",\"inLanguage\":\"es\",\"@id\":\"https:\/\/criteriabcn.com\/es\/#\/schema\/person\/image\/\",\"url\":\"https:\/\/secure.gravatar.com\/avatar\/05e1a87b65f724158e44d5088dd02a4b?s=96&d=mm&r=g\",\"contentUrl\":\"https:\/\/secure.gravatar.com\/avatar\/05e1a87b65f724158e44d5088dd02a4b?s=96&d=mm&r=g\",\"caption\":\"Cristina Morales\"},\"url\":\"https:\/\/criteriabcn.com\/es\/author\/cristina\/\"}]}<\/script>\n<!-- \/ Yoast SEO plugin. -->","yoast_head_json":{"title":"Spa Hotel Mas Gran - Criteria BCN","robots":{"index":"index","follow":"follow","max-snippet":"max-snippet:-1","max-image-preview":"max-image-preview:large","max-video-preview":"max-video-preview:-1"},"canonical":"https:\/\/criteriabcn.com\/es\/la-arquitectura-de-los-sentidos-spa-hotel-mas-gran\/","og_locale":"es_ES","og_type":"article","og_title":"Spa Hotel Mas Gran - Criteria BCN","og_url":"https:\/\/criteriabcn.com\/es\/la-arquitectura-de-los-sentidos-spa-hotel-mas-gran\/","og_site_name":"Criteria BCN","article_published_time":"2021-02-26T12:48:20+00:00","article_modified_time":"2021-03-30T21:44:30+00:00","og_image":[{"width":1200,"height":720,"url":"https:\/\/criteriabcn.com\/wp-content\/uploads\/2021\/02\/Spa_Hotel_Mas_Gran_vista_general_2_1200.png","type":"image\/png"}],"author":"Cristina Morales","twitter_card":"summary_large_image","twitter_misc":{"Escrito por":"Cristina Morales","Tiempo de lectura":"4 minutos"},"schema":{"@context":"https:\/\/schema.org","@graph":[{"@type":"WebPage","@id":"https:\/\/criteriabcn.com\/es\/la-arquitectura-de-los-sentidos-spa-hotel-mas-gran\/","url":"https:\/\/criteriabcn.com\/es\/la-arquitectura-de-los-sentidos-spa-hotel-mas-gran\/","name":"Spa Hotel Mas Gran - Criteria BCN","isPartOf":{"@id":"https:\/\/criteriabcn.com\/es\/#website"},"primaryImageOfPage":{"@id":"https:\/\/criteriabcn.com\/es\/la-arquitectura-de-los-sentidos-spa-hotel-mas-gran\/#primaryimage"},"image":{"@id":"https:\/\/criteriabcn.com\/es\/la-arquitectura-de-los-sentidos-spa-hotel-mas-gran\/#primaryimage"},"thumbnailUrl":"https:\/\/criteriabcn.com\/wp-content\/uploads\/2021\/02\/Spa_Hotel_Mas_Gran_vista_general_2_1200.png","datePublished":"2021-02-26T12:48:20+00:00","dateModified":"2021-03-30T21:44:30+00:00","author":{"@id":"https:\/\/criteriabcn.com\/es\/#\/schema\/person\/0a167b424222f14270302fd5ec9c024c"},"breadcrumb":{"@id":"https:\/\/criteriabcn.com\/es\/la-arquitectura-de-los-sentidos-spa-hotel-mas-gran\/#breadcrumb"},"inLanguage":"es","potentialAction":[{"@type":"ReadAction","target":["https:\/\/criteriabcn.com\/es\/la-arquitectura-de-los-sentidos-spa-hotel-mas-gran\/"]}]},{"@type":"ImageObject","inLanguage":"es","@id":"https:\/\/criteriabcn.com\/es\/la-arquitectura-de-los-sentidos-spa-hotel-mas-gran\/#primaryimage","url":"https:\/\/criteriabcn.com\/wp-content\/uploads\/2021\/02\/Spa_Hotel_Mas_Gran_vista_general_2_1200.png","contentUrl":"https:\/\/criteriabcn.com\/wp-content\/uploads\/2021\/02\/Spa_Hotel_Mas_Gran_vista_general_2_1200.png","width":1200,"height":720,"caption":"Spa Hotel Mas Gran. Vista exterior amb paisatge."},{"@type":"BreadcrumbList","@id":"https:\/\/criteriabcn.com\/es\/la-arquitectura-de-los-sentidos-spa-hotel-mas-gran\/#breadcrumb","itemListElement":[{"@type":"ListItem","position":1,"name":"Inici","item":"https:\/\/criteriabcn.com\/es\/"},{"@type":"ListItem","position":2,"name":"Spa Hotel Mas Gran"}]},{"@type":"WebSite","@id":"https:\/\/criteriabcn.com\/es\/#website","url":"https:\/\/criteriabcn.com\/es\/","name":"Criteria BCN","description":"La arquitectura de los sentidos","potentialAction":[{"@type":"SearchAction","target":{"@type":"EntryPoint","urlTemplate":"https:\/\/criteriabcn.com\/es\/?s={search_term_string}"},"query-input":{"@type":"PropertyValueSpecification","valueRequired":true,"valueName":"search_term_string"}}],"inLanguage":"es"},{"@type":"Person","@id":"https:\/\/criteriabcn.com\/es\/#\/schema\/person\/0a167b424222f14270302fd5ec9c024c","name":"Cristina Morales","image":{"@type":"ImageObject","inLanguage":"es","@id":"https:\/\/criteriabcn.com\/es\/#\/schema\/person\/image\/","url":"https:\/\/secure.gravatar.com\/avatar\/05e1a87b65f724158e44d5088dd02a4b?s=96&d=mm&r=g","contentUrl":"https:\/\/secure.gravatar.com\/avatar\/05e1a87b65f724158e44d5088dd02a4b?s=96&d=mm&r=g","caption":"Cristina Morales"},"url":"https:\/\/criteriabcn.com\/es\/author\/cristina\/"}]}},"_links":{"self":[{"href":"https:\/\/criteriabcn.com\/es\/wp-json\/wp\/v2\/posts\/21190","targetHints":{"allow":["GET"]}}],"collection":[{"href":"https:\/\/criteriabcn.com\/es\/wp-json\/wp\/v2\/posts"}],"about":[{"href":"https:\/\/criteriabcn.com\/es\/wp-json\/wp\/v2\/types\/post"}],"author":[{"embeddable":true,"href":"https:\/\/criteriabcn.com\/es\/wp-json\/wp\/v2\/users\/5"}],"replies":[{"embeddable":true,"href":"https:\/\/criteriabcn.com\/es\/wp-json\/wp\/v2\/comments?post=21190"}],"version-history":[{"count":3,"href":"https:\/\/criteriabcn.com\/es\/wp-json\/wp\/v2\/posts\/21190\/revisions"}],"predecessor-version":[{"id":21193,"href":"https:\/\/criteriabcn.com\/es\/wp-json\/wp\/v2\/posts\/21190\/revisions\/21193"}],"wp:featuredmedia":[{"embeddable":true,"href":"https:\/\/criteriabcn.com\/es\/wp-json\/wp\/v2\/media\/21164"}],"wp:attachment":[{"href":"https:\/\/criteriabcn.com\/es\/wp-json\/wp\/v2\/media?parent=21190"}],"wp:term":[{"taxonomy":"category","embeddable":true,"href":"https:\/\/criteriabcn.com\/es\/wp-json\/wp\/v2\/categories?post=21190"},{"taxonomy":"post_tag","embeddable":true,"href":"https:\/\/criteriabcn.com\/es\/wp-json\/wp\/v2\/tags?post=21190"}],"curies":[{"name":"wp","href":"https:\/\/api.w.org\/{rel}","templated":true}]}}