{"id":21361,"date":"2021-12-16T17:05:31","date_gmt":"2021-12-16T16:05:31","guid":{"rendered":"http:\/\/criteriabcn.com\/?p=21361"},"modified":"2021-12-16T17:05:31","modified_gmt":"2021-12-16T16:05:31","slug":"la-arquitectura-y-los-sentidos-sensoriales-8","status":"publish","type":"post","link":"https:\/\/criteriabcn.com\/es\/la-arquitectura-y-los-sentidos-sensoriales-8\/","title":{"rendered":"LA ARQUITECTURA Y LOS SENTIDOS SENSORIALES &#8211; 8"},"content":{"rendered":"<p style=\"text-align: center;\"><strong>Al definir la arquitectura de los sentidos, es l\u00f3gico interesarse por cu\u00e1les son estos sentidos y c\u00f3mo act\u00faan como exploradores de la percepci\u00f3n. Analizamos aqu\u00ed el segundo sentido de los llamados propioceptivos: el sentido de la posici\u00f3n corporal.<\/strong><\/p>\n<div id=\"attachment_21362\" style=\"width: 847px\" class=\"wp-caption aligncenter\"><img decoding=\"async\" aria-describedby=\"caption-attachment-21362\" class=\"wp-image-21362\" src=\"http:\/\/criteriabcn.com\/wp-content\/uploads\/2021\/12\/MEJORAR_POSTURA-300x180.jpg\" alt=\"\" width=\"837\" height=\"502\" srcset=\"https:\/\/criteriabcn.com\/wp-content\/uploads\/2021\/12\/MEJORAR_POSTURA-200x120.jpg 200w, https:\/\/criteriabcn.com\/wp-content\/uploads\/2021\/12\/MEJORAR_POSTURA-300x180.jpg 300w, https:\/\/criteriabcn.com\/wp-content\/uploads\/2021\/12\/MEJORAR_POSTURA-400x240.jpg 400w, https:\/\/criteriabcn.com\/wp-content\/uploads\/2021\/12\/MEJORAR_POSTURA-600x360.jpg 600w, https:\/\/criteriabcn.com\/wp-content\/uploads\/2021\/12\/MEJORAR_POSTURA-768x461.jpg 768w, https:\/\/criteriabcn.com\/wp-content\/uploads\/2021\/12\/MEJORAR_POSTURA-800x480.jpg 800w, https:\/\/criteriabcn.com\/wp-content\/uploads\/2021\/12\/MEJORAR_POSTURA.jpg 940w\" sizes=\"(max-width: 837px) 100vw, 837px\" \/><p id=\"caption-attachment-21362\" class=\"wp-caption-text\">Una buena posici\u00f3n corporal, y ejercitarla, es vital para nuestro d\u00eda a d\u00eda.<\/p><\/div>\n<p>El ser humano siente y percibe gracias a las sensaciones captadas por nuestros \u00f3rganos sensoriales. Desde Arist\u00f3teles se habla de cinco sentidos externos b\u00e1sicos llamados exteroceptivos: la visi\u00f3n, la audici\u00f3n, el olfato, el gusto y el tacto. Adem\u00e1s de estos sentidos cl\u00e1sicos, las investigaciones psicol\u00f3gicas realizadas a partir de los a\u00f1os cincuenta plantean los sistemas sensoriales, que van m\u00e1s all\u00e1 de los originales.<\/p>\n<p><strong>Sentido de la posici\u00f3n corporal o de la postura<\/strong><\/p>\n<p>En cada momento, tenemos una idea de la posici\u00f3n o postura de las diferentes partes de nuestro cuerpo, lo cual se debe a las articulaciones, tendones y m\u00fasculos, que nos permiten mantener la posici\u00f3n y el equilibrio del cuerpo. Las manos utilizan los sentidos cut\u00e1neos y propioceptivos porque con ellos exploramos los objetos que tenemos a nuestro alrededor. Adem\u00e1s, las utilizamos para comunicarnos emocionalmente; gracias a ellas, se ha producido el desarrollo t\u00e9cnico y cient\u00edfico.<\/p>\n<p>La ergonom\u00eda estudia la postura correcta que debemos adoptar ya sea en situaci\u00f3n est\u00e1tica, como por ejemplo estar sentados o bien din\u00e1mica, como elevar un objeto pesado.<\/p>\n<p>&nbsp;<\/p>\n<p style=\"text-align: center;\">Sentidos exteroceptivos:<\/p>\n<p style=\"text-align: center;\"><a href=\"https:\/\/criteriabcn.com\/es\/sentido-de-la-vista\/\">Vista<\/a>\u00a0 \u00a0 \u00a0<a href=\"https:\/\/criteriabcn.com\/es\/sentido-del-oido\/\">O\u00eddo\u00a0<\/a> \u00a0 \u00a0<a href=\"https:\/\/criteriabcn.com\/es\/sentido-del-olfato\/\">Olfato\u00a0<\/a> \u00a0 \u00a0<a href=\"https:\/\/criteriabcn.com\/es\/sentit-del-gust\/\">Gusto<\/a>\u00a0 \u00a0 \u00a0<a href=\"https:\/\/criteriabcn.com\/es\/sentit-del-tacte\/\">Tacto<\/a><\/p>\n<p style=\"text-align: center;\">Sentido interoceptivo:<\/p>\n<p style=\"text-align: center;\"><a href=\"https:\/\/criteriabcn.com\/es\/sentit-del-benestar-fisic\/\">Sentido del bienestar f\u00edsico<\/a><\/p>\n<p style=\"text-align: center;\">Sentidos propioceptivos:<\/p>\n<p style=\"text-align: center;\"><a href=\"https:\/\/criteriabcn.com\/es\/la-arquitectura-y-los-sentidos-sensoriales-7\/\">Sentido de la orientaci\u00f3n<\/a><\/p>\n","protected":false},"excerpt":{"rendered":"<p>Al definir la arquitectura de los sentidos, es l\u00f3gico interesarse  [&#8230;]<\/p>\n","protected":false},"author":6,"featured_media":21362,"comment_status":"open","ping_status":"open","sticky":false,"template":"","format":"standard","meta":{"footnotes":""},"categories":[215],"tags":[],"class_list":["post-21361","post","type-post","status-publish","format-standard","has-post-thumbnail","hentry","category-arquitectura-de-los-sentidos"],"yoast_head":"<!-- This site is optimized with the Yoast SEO plugin v24.1 - https:\/\/yoast.com\/wordpress\/plugins\/seo\/ -->\n<title>LA ARQUITECTURA Y LOS SENTIDOS SENSORIALES - 8 - Criteria BCN<\/title>\n<meta name=\"robots\" content=\"index, follow, max-snippet:-1, max-image-preview:large, max-video-preview:-1\" \/>\n<link rel=\"canonical\" href=\"https:\/\/criteriabcn.com\/es\/la-arquitectura-y-los-sentidos-sensoriales-8\/\" \/>\n<meta property=\"og:locale\" content=\"es_ES\" \/>\n<meta property=\"og:type\" content=\"article\" \/>\n<meta property=\"og:title\" content=\"LA ARQUITECTURA Y LOS SENTIDOS SENSORIALES - 8 - Criteria BCN\" \/>\n<meta property=\"og:description\" content=\"Al definir la arquitectura de los sentidos, es l\u00f3gico interesarse [...]\" \/>\n<meta property=\"og:url\" content=\"https:\/\/criteriabcn.com\/es\/la-arquitectura-y-los-sentidos-sensoriales-8\/\" \/>\n<meta property=\"og:site_name\" content=\"Criteria BCN\" \/>\n<meta property=\"article:published_time\" content=\"2021-12-16T16:05:31+00:00\" \/>\n<meta property=\"og:image\" content=\"https:\/\/criteriabcn.com\/wp-content\/uploads\/2021\/12\/MEJORAR_POSTURA.jpg\" \/>\n\t<meta property=\"og:image:width\" content=\"940\" \/>\n\t<meta property=\"og:image:height\" content=\"564\" \/>\n\t<meta property=\"og:image:type\" content=\"image\/jpeg\" \/>\n<meta name=\"author\" content=\"Dani Marketing\" \/>\n<meta name=\"twitter:card\" content=\"summary_large_image\" \/>\n<meta name=\"twitter:label1\" content=\"Escrito por\" \/>\n\t<meta name=\"twitter:data1\" content=\"Dani Marketing\" \/>\n\t<meta name=\"twitter:label2\" content=\"Tiempo de lectura\" \/>\n\t<meta name=\"twitter:data2\" content=\"1 minuto\" \/>\n<script type=\"application\/ld+json\" class=\"yoast-schema-graph\">{\"@context\":\"https:\/\/schema.org\",\"@graph\":[{\"@type\":\"WebPage\",\"@id\":\"https:\/\/criteriabcn.com\/es\/la-arquitectura-y-los-sentidos-sensoriales-8\/\",\"url\":\"https:\/\/criteriabcn.com\/es\/la-arquitectura-y-los-sentidos-sensoriales-8\/\",\"name\":\"LA ARQUITECTURA Y LOS SENTIDOS SENSORIALES - 8 - Criteria BCN\",\"isPartOf\":{\"@id\":\"https:\/\/criteriabcn.com\/es\/#website\"},\"primaryImageOfPage\":{\"@id\":\"https:\/\/criteriabcn.com\/es\/la-arquitectura-y-los-sentidos-sensoriales-8\/#primaryimage\"},\"image\":{\"@id\":\"https:\/\/criteriabcn.com\/es\/la-arquitectura-y-los-sentidos-sensoriales-8\/#primaryimage\"},\"thumbnailUrl\":\"https:\/\/criteriabcn.com\/wp-content\/uploads\/2021\/12\/MEJORAR_POSTURA.jpg\",\"datePublished\":\"2021-12-16T16:05:31+00:00\",\"dateModified\":\"2021-12-16T16:05:31+00:00\",\"author\":{\"@id\":\"https:\/\/criteriabcn.com\/es\/#\/schema\/person\/f5612f8d9c55d92b2b69456dc5394132\"},\"breadcrumb\":{\"@id\":\"https:\/\/criteriabcn.com\/es\/la-arquitectura-y-los-sentidos-sensoriales-8\/#breadcrumb\"},\"inLanguage\":\"es\",\"potentialAction\":[{\"@type\":\"ReadAction\",\"target\":[\"https:\/\/criteriabcn.com\/es\/la-arquitectura-y-los-sentidos-sensoriales-8\/\"]}]},{\"@type\":\"ImageObject\",\"inLanguage\":\"es\",\"@id\":\"https:\/\/criteriabcn.com\/es\/la-arquitectura-y-los-sentidos-sensoriales-8\/#primaryimage\",\"url\":\"https:\/\/criteriabcn.com\/wp-content\/uploads\/2021\/12\/MEJORAR_POSTURA.jpg\",\"contentUrl\":\"https:\/\/criteriabcn.com\/wp-content\/uploads\/2021\/12\/MEJORAR_POSTURA.jpg\",\"width\":940,\"height\":564},{\"@type\":\"BreadcrumbList\",\"@id\":\"https:\/\/criteriabcn.com\/es\/la-arquitectura-y-los-sentidos-sensoriales-8\/#breadcrumb\",\"itemListElement\":[{\"@type\":\"ListItem\",\"position\":1,\"name\":\"Inici\",\"item\":\"https:\/\/criteriabcn.com\/es\/\"},{\"@type\":\"ListItem\",\"position\":2,\"name\":\"LA ARQUITECTURA Y LOS SENTIDOS SENSORIALES &#8211; 8\"}]},{\"@type\":\"WebSite\",\"@id\":\"https:\/\/criteriabcn.com\/es\/#website\",\"url\":\"https:\/\/criteriabcn.com\/es\/\",\"name\":\"Criteria BCN\",\"description\":\"La arquitectura de los sentidos\",\"potentialAction\":[{\"@type\":\"SearchAction\",\"target\":{\"@type\":\"EntryPoint\",\"urlTemplate\":\"https:\/\/criteriabcn.com\/es\/?s={search_term_string}\"},\"query-input\":{\"@type\":\"PropertyValueSpecification\",\"valueRequired\":true,\"valueName\":\"search_term_string\"}}],\"inLanguage\":\"es\"},{\"@type\":\"Person\",\"@id\":\"https:\/\/criteriabcn.com\/es\/#\/schema\/person\/f5612f8d9c55d92b2b69456dc5394132\",\"name\":\"Dani Marketing\",\"image\":{\"@type\":\"ImageObject\",\"inLanguage\":\"es\",\"@id\":\"https:\/\/criteriabcn.com\/es\/#\/schema\/person\/image\/\",\"url\":\"https:\/\/secure.gravatar.com\/avatar\/ed5a477355a6f8c0448e4c44bf7fecaa?s=96&d=mm&r=g\",\"contentUrl\":\"https:\/\/secure.gravatar.com\/avatar\/ed5a477355a6f8c0448e4c44bf7fecaa?s=96&d=mm&r=g\",\"caption\":\"Dani Marketing\"},\"url\":\"https:\/\/criteriabcn.com\/es\/author\/dani\/\"}]}<\/script>\n<!-- \/ Yoast SEO plugin. -->","yoast_head_json":{"title":"LA ARQUITECTURA Y LOS SENTIDOS SENSORIALES - 8 - Criteria BCN","robots":{"index":"index","follow":"follow","max-snippet":"max-snippet:-1","max-image-preview":"max-image-preview:large","max-video-preview":"max-video-preview:-1"},"canonical":"https:\/\/criteriabcn.com\/es\/la-arquitectura-y-los-sentidos-sensoriales-8\/","og_locale":"es_ES","og_type":"article","og_title":"LA ARQUITECTURA Y LOS SENTIDOS SENSORIALES - 8 - Criteria BCN","og_description":"Al definir la arquitectura de los sentidos, es l\u00f3gico interesarse [...]","og_url":"https:\/\/criteriabcn.com\/es\/la-arquitectura-y-los-sentidos-sensoriales-8\/","og_site_name":"Criteria BCN","article_published_time":"2021-12-16T16:05:31+00:00","og_image":[{"width":940,"height":564,"url":"https:\/\/criteriabcn.com\/wp-content\/uploads\/2021\/12\/MEJORAR_POSTURA.jpg","type":"image\/jpeg"}],"author":"Dani Marketing","twitter_card":"summary_large_image","twitter_misc":{"Escrito por":"Dani Marketing","Tiempo de lectura":"1 minuto"},"schema":{"@context":"https:\/\/schema.org","@graph":[{"@type":"WebPage","@id":"https:\/\/criteriabcn.com\/es\/la-arquitectura-y-los-sentidos-sensoriales-8\/","url":"https:\/\/criteriabcn.com\/es\/la-arquitectura-y-los-sentidos-sensoriales-8\/","name":"LA ARQUITECTURA Y LOS SENTIDOS SENSORIALES - 8 - Criteria BCN","isPartOf":{"@id":"https:\/\/criteriabcn.com\/es\/#website"},"primaryImageOfPage":{"@id":"https:\/\/criteriabcn.com\/es\/la-arquitectura-y-los-sentidos-sensoriales-8\/#primaryimage"},"image":{"@id":"https:\/\/criteriabcn.com\/es\/la-arquitectura-y-los-sentidos-sensoriales-8\/#primaryimage"},"thumbnailUrl":"https:\/\/criteriabcn.com\/wp-content\/uploads\/2021\/12\/MEJORAR_POSTURA.jpg","datePublished":"2021-12-16T16:05:31+00:00","dateModified":"2021-12-16T16:05:31+00:00","author":{"@id":"https:\/\/criteriabcn.com\/es\/#\/schema\/person\/f5612f8d9c55d92b2b69456dc5394132"},"breadcrumb":{"@id":"https:\/\/criteriabcn.com\/es\/la-arquitectura-y-los-sentidos-sensoriales-8\/#breadcrumb"},"inLanguage":"es","potentialAction":[{"@type":"ReadAction","target":["https:\/\/criteriabcn.com\/es\/la-arquitectura-y-los-sentidos-sensoriales-8\/"]}]},{"@type":"ImageObject","inLanguage":"es","@id":"https:\/\/criteriabcn.com\/es\/la-arquitectura-y-los-sentidos-sensoriales-8\/#primaryimage","url":"https:\/\/criteriabcn.com\/wp-content\/uploads\/2021\/12\/MEJORAR_POSTURA.jpg","contentUrl":"https:\/\/criteriabcn.com\/wp-content\/uploads\/2021\/12\/MEJORAR_POSTURA.jpg","width":940,"height":564},{"@type":"BreadcrumbList","@id":"https:\/\/criteriabcn.com\/es\/la-arquitectura-y-los-sentidos-sensoriales-8\/#breadcrumb","itemListElement":[{"@type":"ListItem","position":1,"name":"Inici","item":"https:\/\/criteriabcn.com\/es\/"},{"@type":"ListItem","position":2,"name":"LA ARQUITECTURA Y LOS SENTIDOS SENSORIALES &#8211; 8"}]},{"@type":"WebSite","@id":"https:\/\/criteriabcn.com\/es\/#website","url":"https:\/\/criteriabcn.com\/es\/","name":"Criteria BCN","description":"La arquitectura de los sentidos","potentialAction":[{"@type":"SearchAction","target":{"@type":"EntryPoint","urlTemplate":"https:\/\/criteriabcn.com\/es\/?s={search_term_string}"},"query-input":{"@type":"PropertyValueSpecification","valueRequired":true,"valueName":"search_term_string"}}],"inLanguage":"es"},{"@type":"Person","@id":"https:\/\/criteriabcn.com\/es\/#\/schema\/person\/f5612f8d9c55d92b2b69456dc5394132","name":"Dani Marketing","image":{"@type":"ImageObject","inLanguage":"es","@id":"https:\/\/criteriabcn.com\/es\/#\/schema\/person\/image\/","url":"https:\/\/secure.gravatar.com\/avatar\/ed5a477355a6f8c0448e4c44bf7fecaa?s=96&d=mm&r=g","contentUrl":"https:\/\/secure.gravatar.com\/avatar\/ed5a477355a6f8c0448e4c44bf7fecaa?s=96&d=mm&r=g","caption":"Dani Marketing"},"url":"https:\/\/criteriabcn.com\/es\/author\/dani\/"}]}},"_links":{"self":[{"href":"https:\/\/criteriabcn.com\/es\/wp-json\/wp\/v2\/posts\/21361","targetHints":{"allow":["GET"]}}],"collection":[{"href":"https:\/\/criteriabcn.com\/es\/wp-json\/wp\/v2\/posts"}],"about":[{"href":"https:\/\/criteriabcn.com\/es\/wp-json\/wp\/v2\/types\/post"}],"author":[{"embeddable":true,"href":"https:\/\/criteriabcn.com\/es\/wp-json\/wp\/v2\/users\/6"}],"replies":[{"embeddable":true,"href":"https:\/\/criteriabcn.com\/es\/wp-json\/wp\/v2\/comments?post=21361"}],"version-history":[{"count":3,"href":"https:\/\/criteriabcn.com\/es\/wp-json\/wp\/v2\/posts\/21361\/revisions"}],"predecessor-version":[{"id":21499,"href":"https:\/\/criteriabcn.com\/es\/wp-json\/wp\/v2\/posts\/21361\/revisions\/21499"}],"wp:featuredmedia":[{"embeddable":true,"href":"https:\/\/criteriabcn.com\/es\/wp-json\/wp\/v2\/media\/21362"}],"wp:attachment":[{"href":"https:\/\/criteriabcn.com\/es\/wp-json\/wp\/v2\/media?parent=21361"}],"wp:term":[{"taxonomy":"category","embeddable":true,"href":"https:\/\/criteriabcn.com\/es\/wp-json\/wp\/v2\/categories?post=21361"},{"taxonomy":"post_tag","embeddable":true,"href":"https:\/\/criteriabcn.com\/es\/wp-json\/wp\/v2\/tags?post=21361"}],"curies":[{"name":"wp","href":"https:\/\/api.w.org\/{rel}","templated":true}]}}