{"id":21538,"date":"2022-06-17T10:45:52","date_gmt":"2022-06-17T09:45:52","guid":{"rendered":"https:\/\/criteriabcn.com\/?p=21538"},"modified":"2022-06-17T10:46:51","modified_gmt":"2022-06-17T09:46:51","slug":"la-casa-de-los-5-elementos-y-la-luna","status":"publish","type":"post","link":"https:\/\/criteriabcn.com\/es\/la-casa-de-los-5-elementos-y-la-luna\/","title":{"rendered":"La casa de los 5 elementos y la Luna"},"content":{"rendered":"<p>La organizaci\u00f3n de esta casa unifamiliar, dise\u00f1ada por Criteria Arquitecthos y ubicada en Cabrils, gira alrededor de un patio con referencias a los cuatro elementos: una peque\u00f1a fuente para el agua; la tierra, de donde brotan unas enredaderas; el aire, simbolizado por un ventilador superior; y por \u00faltimo, el fuego de la chimenea. Entonces, \u00bfcu\u00e1l es el quinto elemento? Seg\u00fan el tao\u00edsmo, el quinto elemento es la madera, y en esta casa encontramos este elemento en el cerramiento superior del patio. Se crea una arquitectura sobria con una riqueza sensorial que crea una atm\u00f3sfera de serenidad y acogida.<\/p>\n<p><img decoding=\"async\" class=\"aligncenter wp-image-21557\" src=\"http:\/\/criteriabcn.com\/wp-content\/uploads\/2022\/06\/IMG_3506-luna-1.jpg\" alt=\"\" width=\"575\" height=\"431\" srcset=\"https:\/\/criteriabcn.com\/wp-content\/uploads\/2022\/06\/IMG_3506-luna-1-200x150.jpg 200w, https:\/\/criteriabcn.com\/wp-content\/uploads\/2022\/06\/IMG_3506-luna-1-300x225.jpg 300w, https:\/\/criteriabcn.com\/wp-content\/uploads\/2022\/06\/IMG_3506-luna-1-400x300.jpg 400w, https:\/\/criteriabcn.com\/wp-content\/uploads\/2022\/06\/IMG_3506-luna-1-600x450.jpg 600w, https:\/\/criteriabcn.com\/wp-content\/uploads\/2022\/06\/IMG_3506-luna-1-768x576.jpg 768w, https:\/\/criteriabcn.com\/wp-content\/uploads\/2022\/06\/IMG_3506-luna-1.jpg 800w\" sizes=\"(max-width: 575px) 100vw, 575px\" \/><\/p>\n<p>Durante el recorrido por el patio se experimentan diversas sensaciones que le otorgan diferentes emociones. La distribuci\u00f3n de la casa gira en torno a este patio. Las estancias se desarrollan en dos plantas encontrando en planta baja la zona de d\u00eda (sala de estar, comedor, cocina) y en la planta superior la zona de noche.<\/p>\n<p>De noche, es la luna de alabastro situada frente a la entrada de la casa, la encargada de conferir un aire po\u00e9tico al patio produciendo una iluminaci\u00f3n m\u00e1gica y sensorial, todo ello ayudado por los cuidadosos acabados blancos de las paredes y los entramados de madera de los techos.<\/p>\n\n\t\t<style type=\"text\/css\">\n\t\t\t#gallery-1 {\n\t\t\t\tmargin: auto;\n\t\t\t}\n\t\t\t#gallery-1 .gallery-item {\n\t\t\t\tfloat: left;\n\t\t\t\tmargin-top: 10px;\n\t\t\t\ttext-align: center;\n\t\t\t\twidth: 33%;\n\t\t\t}\n\t\t\t#gallery-1 img {\n\t\t\t\tborder: 2px solid #cfcfcf;\n\t\t\t}\n\t\t\t#gallery-1 .gallery-caption {\n\t\t\t\tmargin-left: 0;\n\t\t\t}\n\t\t\t\/* see gallery_shortcode() in wp-includes\/media.php *\/\n\t\t<\/style>\n\t\t<div id='gallery-1' class='gallery galleryid-21538 gallery-columns-3 gallery-size-thumbnail'><dl class='gallery-item'>\n\t\t\t<dt class='gallery-icon portrait'>\n\t\t\t\t<a data-rel=\"iLightbox[postimages]\" data-title=\"IMG_3494\" data-caption=\"\" href='https:\/\/criteriabcn.com\/es\/la-casa-de-los-5-elementos-y-la-luna\/img_3494\/'><img decoding=\"async\" width=\"150\" height=\"150\" src=\"https:\/\/criteriabcn.com\/wp-content\/uploads\/2022\/06\/IMG_3494-150x150.jpg\" class=\"attachment-thumbnail size-thumbnail\" alt=\"\" srcset=\"https:\/\/criteriabcn.com\/wp-content\/uploads\/2022\/06\/IMG_3494-66x66.jpg 66w, https:\/\/criteriabcn.com\/wp-content\/uploads\/2022\/06\/IMG_3494-150x150.jpg 150w\" sizes=\"(max-width: 150px) 100vw, 150px\" \/><\/a>\n\t\t\t<\/dt><\/dl><dl class='gallery-item'>\n\t\t\t<dt class='gallery-icon portrait'>\n\t\t\t\t<a data-rel=\"iLightbox[postimages]\" data-title=\"IMG_3504 luna\" data-caption=\"\" href='https:\/\/criteriabcn.com\/es\/la-casa-de-los-5-elementos-y-la-luna\/img_3504-luna\/'><img decoding=\"async\" width=\"150\" height=\"150\" src=\"https:\/\/criteriabcn.com\/wp-content\/uploads\/2022\/06\/IMG_3504-luna-150x150.jpg\" class=\"attachment-thumbnail size-thumbnail\" alt=\"\" srcset=\"https:\/\/criteriabcn.com\/wp-content\/uploads\/2022\/06\/IMG_3504-luna-66x66.jpg 66w, https:\/\/criteriabcn.com\/wp-content\/uploads\/2022\/06\/IMG_3504-luna-150x150.jpg 150w\" sizes=\"(max-width: 150px) 100vw, 150px\" \/><\/a>\n\t\t\t<\/dt><\/dl><dl class='gallery-item'>\n\t\t\t<dt class='gallery-icon landscape'>\n\t\t\t\t<a data-rel=\"iLightbox[postimages]\" data-title=\"IMG_3516\" data-caption=\"\" href='https:\/\/criteriabcn.com\/es\/la-casa-de-los-5-elementos-y-la-luna\/img_3516-2\/'><img decoding=\"async\" width=\"150\" height=\"150\" src=\"https:\/\/criteriabcn.com\/wp-content\/uploads\/2022\/06\/IMG_3516-1-150x150.jpg\" class=\"attachment-thumbnail size-thumbnail\" alt=\"\" srcset=\"https:\/\/criteriabcn.com\/wp-content\/uploads\/2022\/06\/IMG_3516-1-66x66.jpg 66w, https:\/\/criteriabcn.com\/wp-content\/uploads\/2022\/06\/IMG_3516-1-150x150.jpg 150w\" sizes=\"(max-width: 150px) 100vw, 150px\" \/><\/a>\n\t\t\t<\/dt><\/dl><br style=\"clear: both\" \/>\n\t\t<\/div>\n\n<p>&nbsp;<\/p>\n<p>&nbsp;<\/p>\n<div id=\"malwarebytes-root\"><\/div>\n<div id=\"malwarebytes-root\"><\/div>\n","protected":false},"excerpt":{"rendered":"<p>La organizaci\u00f3n de esta casa unifamiliar, dise\u00f1ada por Criteria Arquitecthos  [&#8230;]<\/p>\n","protected":false},"author":6,"featured_media":21539,"comment_status":"open","ping_status":"open","sticky":false,"template":"","format":"standard","meta":{"footnotes":""},"categories":[215,418],"tags":[],"class_list":["post-21538","post","type-post","status-publish","format-standard","has-post-thumbnail","hentry","category-arquitectura-de-los-sentidos","category-vivienda-2"],"yoast_head":"<!-- This site is optimized with the Yoast SEO plugin v24.1 - https:\/\/yoast.com\/wordpress\/plugins\/seo\/ -->\n<title>La casa de los 5 elementos y la Luna - Criteria BCN<\/title>\n<meta name=\"robots\" content=\"index, follow, max-snippet:-1, max-image-preview:large, max-video-preview:-1\" \/>\n<link rel=\"canonical\" href=\"https:\/\/criteriabcn.com\/es\/la-casa-de-los-5-elementos-y-la-luna\/\" \/>\n<meta property=\"og:locale\" content=\"es_ES\" \/>\n<meta property=\"og:type\" content=\"article\" \/>\n<meta property=\"og:title\" content=\"La casa de los 5 elementos y la Luna - Criteria BCN\" \/>\n<meta property=\"og:description\" content=\"La organizaci\u00f3n de esta casa unifamiliar, dise\u00f1ada por Criteria Arquitecthos [...]\" \/>\n<meta property=\"og:url\" content=\"https:\/\/criteriabcn.com\/es\/la-casa-de-los-5-elementos-y-la-luna\/\" \/>\n<meta property=\"og:site_name\" content=\"Criteria BCN\" \/>\n<meta property=\"article:published_time\" content=\"2022-06-17T09:45:52+00:00\" \/>\n<meta property=\"article:modified_time\" content=\"2022-06-17T09:46:51+00:00\" \/>\n<meta property=\"og:image\" content=\"https:\/\/criteriabcn.com\/wp-content\/uploads\/2022\/06\/Exterior-01_modif.jpg\" \/>\n\t<meta property=\"og:image:width\" content=\"1200\" \/>\n\t<meta property=\"og:image:height\" content=\"833\" \/>\n\t<meta property=\"og:image:type\" content=\"image\/jpeg\" \/>\n<meta name=\"author\" content=\"Dani Marketing\" \/>\n<meta name=\"twitter:card\" content=\"summary_large_image\" \/>\n<meta name=\"twitter:label1\" content=\"Escrito por\" \/>\n\t<meta name=\"twitter:data1\" content=\"Dani Marketing\" \/>\n\t<meta name=\"twitter:label2\" content=\"Tiempo de lectura\" \/>\n\t<meta name=\"twitter:data2\" content=\"2 minutos\" \/>\n<script type=\"application\/ld+json\" class=\"yoast-schema-graph\">{\"@context\":\"https:\/\/schema.org\",\"@graph\":[{\"@type\":\"WebPage\",\"@id\":\"https:\/\/criteriabcn.com\/es\/la-casa-de-los-5-elementos-y-la-luna\/\",\"url\":\"https:\/\/criteriabcn.com\/es\/la-casa-de-los-5-elementos-y-la-luna\/\",\"name\":\"La casa de los 5 elementos y la Luna - Criteria BCN\",\"isPartOf\":{\"@id\":\"https:\/\/criteriabcn.com\/es\/#website\"},\"primaryImageOfPage\":{\"@id\":\"https:\/\/criteriabcn.com\/es\/la-casa-de-los-5-elementos-y-la-luna\/#primaryimage\"},\"image\":{\"@id\":\"https:\/\/criteriabcn.com\/es\/la-casa-de-los-5-elementos-y-la-luna\/#primaryimage\"},\"thumbnailUrl\":\"https:\/\/criteriabcn.com\/wp-content\/uploads\/2022\/06\/Exterior-01_modif.jpg\",\"datePublished\":\"2022-06-17T09:45:52+00:00\",\"dateModified\":\"2022-06-17T09:46:51+00:00\",\"author\":{\"@id\":\"https:\/\/criteriabcn.com\/es\/#\/schema\/person\/f5612f8d9c55d92b2b69456dc5394132\"},\"breadcrumb\":{\"@id\":\"https:\/\/criteriabcn.com\/es\/la-casa-de-los-5-elementos-y-la-luna\/#breadcrumb\"},\"inLanguage\":\"es\",\"potentialAction\":[{\"@type\":\"ReadAction\",\"target\":[\"https:\/\/criteriabcn.com\/es\/la-casa-de-los-5-elementos-y-la-luna\/\"]}]},{\"@type\":\"ImageObject\",\"inLanguage\":\"es\",\"@id\":\"https:\/\/criteriabcn.com\/es\/la-casa-de-los-5-elementos-y-la-luna\/#primaryimage\",\"url\":\"https:\/\/criteriabcn.com\/wp-content\/uploads\/2022\/06\/Exterior-01_modif.jpg\",\"contentUrl\":\"https:\/\/criteriabcn.com\/wp-content\/uploads\/2022\/06\/Exterior-01_modif.jpg\",\"width\":1200,\"height\":833},{\"@type\":\"BreadcrumbList\",\"@id\":\"https:\/\/criteriabcn.com\/es\/la-casa-de-los-5-elementos-y-la-luna\/#breadcrumb\",\"itemListElement\":[{\"@type\":\"ListItem\",\"position\":1,\"name\":\"Inici\",\"item\":\"https:\/\/criteriabcn.com\/es\/\"},{\"@type\":\"ListItem\",\"position\":2,\"name\":\"La casa de los 5 elementos y la Luna\"}]},{\"@type\":\"WebSite\",\"@id\":\"https:\/\/criteriabcn.com\/es\/#website\",\"url\":\"https:\/\/criteriabcn.com\/es\/\",\"name\":\"Criteria BCN\",\"description\":\"La arquitectura de los sentidos\",\"potentialAction\":[{\"@type\":\"SearchAction\",\"target\":{\"@type\":\"EntryPoint\",\"urlTemplate\":\"https:\/\/criteriabcn.com\/es\/?s={search_term_string}\"},\"query-input\":{\"@type\":\"PropertyValueSpecification\",\"valueRequired\":true,\"valueName\":\"search_term_string\"}}],\"inLanguage\":\"es\"},{\"@type\":\"Person\",\"@id\":\"https:\/\/criteriabcn.com\/es\/#\/schema\/person\/f5612f8d9c55d92b2b69456dc5394132\",\"name\":\"Dani Marketing\",\"image\":{\"@type\":\"ImageObject\",\"inLanguage\":\"es\",\"@id\":\"https:\/\/criteriabcn.com\/es\/#\/schema\/person\/image\/\",\"url\":\"https:\/\/secure.gravatar.com\/avatar\/ed5a477355a6f8c0448e4c44bf7fecaa?s=96&d=mm&r=g\",\"contentUrl\":\"https:\/\/secure.gravatar.com\/avatar\/ed5a477355a6f8c0448e4c44bf7fecaa?s=96&d=mm&r=g\",\"caption\":\"Dani Marketing\"},\"url\":\"https:\/\/criteriabcn.com\/es\/author\/dani\/\"}]}<\/script>\n<!-- \/ Yoast SEO plugin. -->","yoast_head_json":{"title":"La casa de los 5 elementos y la Luna - Criteria BCN","robots":{"index":"index","follow":"follow","max-snippet":"max-snippet:-1","max-image-preview":"max-image-preview:large","max-video-preview":"max-video-preview:-1"},"canonical":"https:\/\/criteriabcn.com\/es\/la-casa-de-los-5-elementos-y-la-luna\/","og_locale":"es_ES","og_type":"article","og_title":"La casa de los 5 elementos y la Luna - Criteria BCN","og_description":"La organizaci\u00f3n de esta casa unifamiliar, dise\u00f1ada por Criteria Arquitecthos [...]","og_url":"https:\/\/criteriabcn.com\/es\/la-casa-de-los-5-elementos-y-la-luna\/","og_site_name":"Criteria BCN","article_published_time":"2022-06-17T09:45:52+00:00","article_modified_time":"2022-06-17T09:46:51+00:00","og_image":[{"width":1200,"height":833,"url":"https:\/\/criteriabcn.com\/wp-content\/uploads\/2022\/06\/Exterior-01_modif.jpg","type":"image\/jpeg"}],"author":"Dani Marketing","twitter_card":"summary_large_image","twitter_misc":{"Escrito por":"Dani Marketing","Tiempo de lectura":"2 minutos"},"schema":{"@context":"https:\/\/schema.org","@graph":[{"@type":"WebPage","@id":"https:\/\/criteriabcn.com\/es\/la-casa-de-los-5-elementos-y-la-luna\/","url":"https:\/\/criteriabcn.com\/es\/la-casa-de-los-5-elementos-y-la-luna\/","name":"La casa de los 5 elementos y la Luna - Criteria BCN","isPartOf":{"@id":"https:\/\/criteriabcn.com\/es\/#website"},"primaryImageOfPage":{"@id":"https:\/\/criteriabcn.com\/es\/la-casa-de-los-5-elementos-y-la-luna\/#primaryimage"},"image":{"@id":"https:\/\/criteriabcn.com\/es\/la-casa-de-los-5-elementos-y-la-luna\/#primaryimage"},"thumbnailUrl":"https:\/\/criteriabcn.com\/wp-content\/uploads\/2022\/06\/Exterior-01_modif.jpg","datePublished":"2022-06-17T09:45:52+00:00","dateModified":"2022-06-17T09:46:51+00:00","author":{"@id":"https:\/\/criteriabcn.com\/es\/#\/schema\/person\/f5612f8d9c55d92b2b69456dc5394132"},"breadcrumb":{"@id":"https:\/\/criteriabcn.com\/es\/la-casa-de-los-5-elementos-y-la-luna\/#breadcrumb"},"inLanguage":"es","potentialAction":[{"@type":"ReadAction","target":["https:\/\/criteriabcn.com\/es\/la-casa-de-los-5-elementos-y-la-luna\/"]}]},{"@type":"ImageObject","inLanguage":"es","@id":"https:\/\/criteriabcn.com\/es\/la-casa-de-los-5-elementos-y-la-luna\/#primaryimage","url":"https:\/\/criteriabcn.com\/wp-content\/uploads\/2022\/06\/Exterior-01_modif.jpg","contentUrl":"https:\/\/criteriabcn.com\/wp-content\/uploads\/2022\/06\/Exterior-01_modif.jpg","width":1200,"height":833},{"@type":"BreadcrumbList","@id":"https:\/\/criteriabcn.com\/es\/la-casa-de-los-5-elementos-y-la-luna\/#breadcrumb","itemListElement":[{"@type":"ListItem","position":1,"name":"Inici","item":"https:\/\/criteriabcn.com\/es\/"},{"@type":"ListItem","position":2,"name":"La casa de los 5 elementos y la Luna"}]},{"@type":"WebSite","@id":"https:\/\/criteriabcn.com\/es\/#website","url":"https:\/\/criteriabcn.com\/es\/","name":"Criteria BCN","description":"La arquitectura de los sentidos","potentialAction":[{"@type":"SearchAction","target":{"@type":"EntryPoint","urlTemplate":"https:\/\/criteriabcn.com\/es\/?s={search_term_string}"},"query-input":{"@type":"PropertyValueSpecification","valueRequired":true,"valueName":"search_term_string"}}],"inLanguage":"es"},{"@type":"Person","@id":"https:\/\/criteriabcn.com\/es\/#\/schema\/person\/f5612f8d9c55d92b2b69456dc5394132","name":"Dani Marketing","image":{"@type":"ImageObject","inLanguage":"es","@id":"https:\/\/criteriabcn.com\/es\/#\/schema\/person\/image\/","url":"https:\/\/secure.gravatar.com\/avatar\/ed5a477355a6f8c0448e4c44bf7fecaa?s=96&d=mm&r=g","contentUrl":"https:\/\/secure.gravatar.com\/avatar\/ed5a477355a6f8c0448e4c44bf7fecaa?s=96&d=mm&r=g","caption":"Dani Marketing"},"url":"https:\/\/criteriabcn.com\/es\/author\/dani\/"}]}},"_links":{"self":[{"href":"https:\/\/criteriabcn.com\/es\/wp-json\/wp\/v2\/posts\/21538","targetHints":{"allow":["GET"]}}],"collection":[{"href":"https:\/\/criteriabcn.com\/es\/wp-json\/wp\/v2\/posts"}],"about":[{"href":"https:\/\/criteriabcn.com\/es\/wp-json\/wp\/v2\/types\/post"}],"author":[{"embeddable":true,"href":"https:\/\/criteriabcn.com\/es\/wp-json\/wp\/v2\/users\/6"}],"replies":[{"embeddable":true,"href":"https:\/\/criteriabcn.com\/es\/wp-json\/wp\/v2\/comments?post=21538"}],"version-history":[{"count":9,"href":"https:\/\/criteriabcn.com\/es\/wp-json\/wp\/v2\/posts\/21538\/revisions"}],"predecessor-version":[{"id":21561,"href":"https:\/\/criteriabcn.com\/es\/wp-json\/wp\/v2\/posts\/21538\/revisions\/21561"}],"wp:featuredmedia":[{"embeddable":true,"href":"https:\/\/criteriabcn.com\/es\/wp-json\/wp\/v2\/media\/21539"}],"wp:attachment":[{"href":"https:\/\/criteriabcn.com\/es\/wp-json\/wp\/v2\/media?parent=21538"}],"wp:term":[{"taxonomy":"category","embeddable":true,"href":"https:\/\/criteriabcn.com\/es\/wp-json\/wp\/v2\/categories?post=21538"},{"taxonomy":"post_tag","embeddable":true,"href":"https:\/\/criteriabcn.com\/es\/wp-json\/wp\/v2\/tags?post=21538"}],"curies":[{"name":"wp","href":"https:\/\/api.w.org\/{rel}","templated":true}]}}