{"id":21567,"date":"2022-07-27T10:07:29","date_gmt":"2022-07-27T09:07:29","guid":{"rendered":"https:\/\/criteriabcn.com\/?p=21567"},"modified":"2022-07-27T10:07:29","modified_gmt":"2022-07-27T09:07:29","slug":"conjunto-residencial-de-27-casas-en-calella","status":"publish","type":"post","link":"https:\/\/criteriabcn.com\/es\/conjunto-residencial-de-27-casas-en-calella\/","title":{"rendered":"Conjunto residencial de 27 casas en Calella"},"content":{"rendered":"<p><span class=\"fontstyle0\">Este conjunto residencial de 27 viviendas situado en Calella, en la provincia de Barcelona, se dispone en torno a un gran jard\u00edn central, en su interior, con piscina y c\u00e9sped para el juego de los ni\u00f1os y el deleite de los adultos. Una de las caracter\u00edsticas que lo definen es el blanco de sus fachadas y las peque\u00f1as ventanas con postigos de madera que le confieren un perfil r\u00fastico, tradicional y familiar, un aire mediterr\u00e1neo y confortable. Una manera de integrarse en el entorno mediterr\u00e1neo en el que se ubica.<\/span><\/p>\n<p><img decoding=\"async\" class=\"aligncenter size-full wp-image-21568\" src=\"https:\/\/criteriabcn.com\/wp-content\/uploads\/2022\/07\/004-calella.jpg\" alt=\"\" width=\"800\" height=\"411\" srcset=\"https:\/\/criteriabcn.com\/wp-content\/uploads\/2022\/07\/004-calella-200x103.jpg 200w, https:\/\/criteriabcn.com\/wp-content\/uploads\/2022\/07\/004-calella-300x154.jpg 300w, https:\/\/criteriabcn.com\/wp-content\/uploads\/2022\/07\/004-calella-400x206.jpg 400w, https:\/\/criteriabcn.com\/wp-content\/uploads\/2022\/07\/004-calella-600x308.jpg 600w, https:\/\/criteriabcn.com\/wp-content\/uploads\/2022\/07\/004-calella-768x395.jpg 768w, https:\/\/criteriabcn.com\/wp-content\/uploads\/2022\/07\/004-calella.jpg 800w\" sizes=\"(max-width: 800px) 100vw, 800px\" \/><\/p>\n<p><span class=\"fontstyle0\">El conjunto se ubica en el per\u00edmetro del solar, alineado con las calles, presentando una disposici\u00f3n en hilera, de casas adosadas, donde cada vivienda se divide<\/span><span class=\"fontstyle0\">\u00a0en cuatro plantas: desde la planta baja se<\/span><span class=\"fontstyle0\">\u00a0accede a la vivienda tanto a pie como en coche, y a un peque\u00f1o despacho orientado a la calle; una escalera asciende a la planta primera donde se desarrolla la zona de d\u00eda, la sala de estar, terraza y cocina; en planta segunda, encontramos la zona de noche con tres dormitorios y dos ba\u00f1os. Y por \u00faltimo, el \u00e1tico se dedica a estudio y una terraza que da al jard\u00edn comunitario.<\/span><\/p>\n<p><span class=\"fontstyle0\">El proyecto plantea dos fachadas diferenciadas: la que da al jard\u00edn interior de l\u00edneas y volumetr\u00eda sencillas y las fachadas que dan al exterior, m\u00e1s expresivas con intenci\u00f3n de integrarse en las calles del centro hist\u00f3rico.<\/span><\/p>\n","protected":false},"excerpt":{"rendered":"<p>Este conjunto residencial de 27 viviendas situado en Calella, en  [&#8230;]<\/p>\n","protected":false},"author":6,"featured_media":21570,"comment_status":"open","ping_status":"open","sticky":false,"template":"","format":"standard","meta":{"footnotes":""},"categories":[397,418],"tags":[],"class_list":["post-21567","post","type-post","status-publish","format-standard","has-post-thumbnail","hentry","category-conjuntos-residenciales-2","category-vivienda-2"],"yoast_head":"<!-- This site is optimized with the Yoast SEO plugin v24.1 - https:\/\/yoast.com\/wordpress\/plugins\/seo\/ -->\n<title>Conjunto residencial de 27 casas en Calella - Criteria BCN<\/title>\n<meta name=\"robots\" content=\"index, follow, max-snippet:-1, max-image-preview:large, max-video-preview:-1\" \/>\n<link rel=\"canonical\" href=\"https:\/\/criteriabcn.com\/es\/conjunto-residencial-de-27-casas-en-calella\/\" \/>\n<meta property=\"og:locale\" content=\"es_ES\" \/>\n<meta property=\"og:type\" content=\"article\" \/>\n<meta property=\"og:title\" content=\"Conjunto residencial de 27 casas en Calella - Criteria BCN\" \/>\n<meta property=\"og:description\" content=\"Este conjunto residencial de 27 viviendas situado en Calella, en [...]\" \/>\n<meta property=\"og:url\" content=\"https:\/\/criteriabcn.com\/es\/conjunto-residencial-de-27-casas-en-calella\/\" \/>\n<meta property=\"og:site_name\" content=\"Criteria BCN\" \/>\n<meta property=\"article:published_time\" content=\"2022-07-27T09:07:29+00:00\" \/>\n<meta property=\"og:image\" content=\"https:\/\/criteriabcn.com\/wp-content\/uploads\/2022\/07\/001-calella.jpg\" \/>\n\t<meta property=\"og:image:width\" content=\"1182\" \/>\n\t<meta property=\"og:image:height\" content=\"769\" \/>\n\t<meta property=\"og:image:type\" content=\"image\/jpeg\" \/>\n<meta name=\"author\" content=\"Dani Marketing\" \/>\n<meta name=\"twitter:card\" content=\"summary_large_image\" \/>\n<meta name=\"twitter:label1\" content=\"Escrito por\" \/>\n\t<meta name=\"twitter:data1\" content=\"Dani Marketing\" \/>\n\t<meta name=\"twitter:label2\" content=\"Tiempo de lectura\" \/>\n\t<meta name=\"twitter:data2\" content=\"2 minutos\" \/>\n<script type=\"application\/ld+json\" class=\"yoast-schema-graph\">{\"@context\":\"https:\/\/schema.org\",\"@graph\":[{\"@type\":\"WebPage\",\"@id\":\"https:\/\/criteriabcn.com\/es\/conjunto-residencial-de-27-casas-en-calella\/\",\"url\":\"https:\/\/criteriabcn.com\/es\/conjunto-residencial-de-27-casas-en-calella\/\",\"name\":\"Conjunto residencial de 27 casas en Calella - Criteria BCN\",\"isPartOf\":{\"@id\":\"https:\/\/criteriabcn.com\/es\/#website\"},\"primaryImageOfPage\":{\"@id\":\"https:\/\/criteriabcn.com\/es\/conjunto-residencial-de-27-casas-en-calella\/#primaryimage\"},\"image\":{\"@id\":\"https:\/\/criteriabcn.com\/es\/conjunto-residencial-de-27-casas-en-calella\/#primaryimage\"},\"thumbnailUrl\":\"https:\/\/criteriabcn.com\/wp-content\/uploads\/2022\/07\/001-calella.jpg\",\"datePublished\":\"2022-07-27T09:07:29+00:00\",\"dateModified\":\"2022-07-27T09:07:29+00:00\",\"author\":{\"@id\":\"https:\/\/criteriabcn.com\/es\/#\/schema\/person\/f5612f8d9c55d92b2b69456dc5394132\"},\"breadcrumb\":{\"@id\":\"https:\/\/criteriabcn.com\/es\/conjunto-residencial-de-27-casas-en-calella\/#breadcrumb\"},\"inLanguage\":\"es\",\"potentialAction\":[{\"@type\":\"ReadAction\",\"target\":[\"https:\/\/criteriabcn.com\/es\/conjunto-residencial-de-27-casas-en-calella\/\"]}]},{\"@type\":\"ImageObject\",\"inLanguage\":\"es\",\"@id\":\"https:\/\/criteriabcn.com\/es\/conjunto-residencial-de-27-casas-en-calella\/#primaryimage\",\"url\":\"https:\/\/criteriabcn.com\/wp-content\/uploads\/2022\/07\/001-calella.jpg\",\"contentUrl\":\"https:\/\/criteriabcn.com\/wp-content\/uploads\/2022\/07\/001-calella.jpg\",\"width\":1182,\"height\":769},{\"@type\":\"BreadcrumbList\",\"@id\":\"https:\/\/criteriabcn.com\/es\/conjunto-residencial-de-27-casas-en-calella\/#breadcrumb\",\"itemListElement\":[{\"@type\":\"ListItem\",\"position\":1,\"name\":\"Inici\",\"item\":\"https:\/\/criteriabcn.com\/es\/\"},{\"@type\":\"ListItem\",\"position\":2,\"name\":\"Conjunto residencial de 27 casas en Calella\"}]},{\"@type\":\"WebSite\",\"@id\":\"https:\/\/criteriabcn.com\/es\/#website\",\"url\":\"https:\/\/criteriabcn.com\/es\/\",\"name\":\"Criteria BCN\",\"description\":\"La arquitectura de los sentidos\",\"potentialAction\":[{\"@type\":\"SearchAction\",\"target\":{\"@type\":\"EntryPoint\",\"urlTemplate\":\"https:\/\/criteriabcn.com\/es\/?s={search_term_string}\"},\"query-input\":{\"@type\":\"PropertyValueSpecification\",\"valueRequired\":true,\"valueName\":\"search_term_string\"}}],\"inLanguage\":\"es\"},{\"@type\":\"Person\",\"@id\":\"https:\/\/criteriabcn.com\/es\/#\/schema\/person\/f5612f8d9c55d92b2b69456dc5394132\",\"name\":\"Dani Marketing\",\"image\":{\"@type\":\"ImageObject\",\"inLanguage\":\"es\",\"@id\":\"https:\/\/criteriabcn.com\/es\/#\/schema\/person\/image\/\",\"url\":\"https:\/\/secure.gravatar.com\/avatar\/ed5a477355a6f8c0448e4c44bf7fecaa?s=96&d=mm&r=g\",\"contentUrl\":\"https:\/\/secure.gravatar.com\/avatar\/ed5a477355a6f8c0448e4c44bf7fecaa?s=96&d=mm&r=g\",\"caption\":\"Dani Marketing\"},\"url\":\"https:\/\/criteriabcn.com\/es\/author\/dani\/\"}]}<\/script>\n<!-- \/ Yoast SEO plugin. -->","yoast_head_json":{"title":"Conjunto residencial de 27 casas en Calella - Criteria BCN","robots":{"index":"index","follow":"follow","max-snippet":"max-snippet:-1","max-image-preview":"max-image-preview:large","max-video-preview":"max-video-preview:-1"},"canonical":"https:\/\/criteriabcn.com\/es\/conjunto-residencial-de-27-casas-en-calella\/","og_locale":"es_ES","og_type":"article","og_title":"Conjunto residencial de 27 casas en Calella - Criteria BCN","og_description":"Este conjunto residencial de 27 viviendas situado en Calella, en [...]","og_url":"https:\/\/criteriabcn.com\/es\/conjunto-residencial-de-27-casas-en-calella\/","og_site_name":"Criteria BCN","article_published_time":"2022-07-27T09:07:29+00:00","og_image":[{"width":1182,"height":769,"url":"https:\/\/criteriabcn.com\/wp-content\/uploads\/2022\/07\/001-calella.jpg","type":"image\/jpeg"}],"author":"Dani Marketing","twitter_card":"summary_large_image","twitter_misc":{"Escrito por":"Dani Marketing","Tiempo de lectura":"2 minutos"},"schema":{"@context":"https:\/\/schema.org","@graph":[{"@type":"WebPage","@id":"https:\/\/criteriabcn.com\/es\/conjunto-residencial-de-27-casas-en-calella\/","url":"https:\/\/criteriabcn.com\/es\/conjunto-residencial-de-27-casas-en-calella\/","name":"Conjunto residencial de 27 casas en Calella - Criteria BCN","isPartOf":{"@id":"https:\/\/criteriabcn.com\/es\/#website"},"primaryImageOfPage":{"@id":"https:\/\/criteriabcn.com\/es\/conjunto-residencial-de-27-casas-en-calella\/#primaryimage"},"image":{"@id":"https:\/\/criteriabcn.com\/es\/conjunto-residencial-de-27-casas-en-calella\/#primaryimage"},"thumbnailUrl":"https:\/\/criteriabcn.com\/wp-content\/uploads\/2022\/07\/001-calella.jpg","datePublished":"2022-07-27T09:07:29+00:00","dateModified":"2022-07-27T09:07:29+00:00","author":{"@id":"https:\/\/criteriabcn.com\/es\/#\/schema\/person\/f5612f8d9c55d92b2b69456dc5394132"},"breadcrumb":{"@id":"https:\/\/criteriabcn.com\/es\/conjunto-residencial-de-27-casas-en-calella\/#breadcrumb"},"inLanguage":"es","potentialAction":[{"@type":"ReadAction","target":["https:\/\/criteriabcn.com\/es\/conjunto-residencial-de-27-casas-en-calella\/"]}]},{"@type":"ImageObject","inLanguage":"es","@id":"https:\/\/criteriabcn.com\/es\/conjunto-residencial-de-27-casas-en-calella\/#primaryimage","url":"https:\/\/criteriabcn.com\/wp-content\/uploads\/2022\/07\/001-calella.jpg","contentUrl":"https:\/\/criteriabcn.com\/wp-content\/uploads\/2022\/07\/001-calella.jpg","width":1182,"height":769},{"@type":"BreadcrumbList","@id":"https:\/\/criteriabcn.com\/es\/conjunto-residencial-de-27-casas-en-calella\/#breadcrumb","itemListElement":[{"@type":"ListItem","position":1,"name":"Inici","item":"https:\/\/criteriabcn.com\/es\/"},{"@type":"ListItem","position":2,"name":"Conjunto residencial de 27 casas en Calella"}]},{"@type":"WebSite","@id":"https:\/\/criteriabcn.com\/es\/#website","url":"https:\/\/criteriabcn.com\/es\/","name":"Criteria BCN","description":"La arquitectura de los sentidos","potentialAction":[{"@type":"SearchAction","target":{"@type":"EntryPoint","urlTemplate":"https:\/\/criteriabcn.com\/es\/?s={search_term_string}"},"query-input":{"@type":"PropertyValueSpecification","valueRequired":true,"valueName":"search_term_string"}}],"inLanguage":"es"},{"@type":"Person","@id":"https:\/\/criteriabcn.com\/es\/#\/schema\/person\/f5612f8d9c55d92b2b69456dc5394132","name":"Dani Marketing","image":{"@type":"ImageObject","inLanguage":"es","@id":"https:\/\/criteriabcn.com\/es\/#\/schema\/person\/image\/","url":"https:\/\/secure.gravatar.com\/avatar\/ed5a477355a6f8c0448e4c44bf7fecaa?s=96&d=mm&r=g","contentUrl":"https:\/\/secure.gravatar.com\/avatar\/ed5a477355a6f8c0448e4c44bf7fecaa?s=96&d=mm&r=g","caption":"Dani Marketing"},"url":"https:\/\/criteriabcn.com\/es\/author\/dani\/"}]}},"_links":{"self":[{"href":"https:\/\/criteriabcn.com\/es\/wp-json\/wp\/v2\/posts\/21567","targetHints":{"allow":["GET"]}}],"collection":[{"href":"https:\/\/criteriabcn.com\/es\/wp-json\/wp\/v2\/posts"}],"about":[{"href":"https:\/\/criteriabcn.com\/es\/wp-json\/wp\/v2\/types\/post"}],"author":[{"embeddable":true,"href":"https:\/\/criteriabcn.com\/es\/wp-json\/wp\/v2\/users\/6"}],"replies":[{"embeddable":true,"href":"https:\/\/criteriabcn.com\/es\/wp-json\/wp\/v2\/comments?post=21567"}],"version-history":[{"count":2,"href":"https:\/\/criteriabcn.com\/es\/wp-json\/wp\/v2\/posts\/21567\/revisions"}],"predecessor-version":[{"id":21573,"href":"https:\/\/criteriabcn.com\/es\/wp-json\/wp\/v2\/posts\/21567\/revisions\/21573"}],"wp:featuredmedia":[{"embeddable":true,"href":"https:\/\/criteriabcn.com\/es\/wp-json\/wp\/v2\/media\/21570"}],"wp:attachment":[{"href":"https:\/\/criteriabcn.com\/es\/wp-json\/wp\/v2\/media?parent=21567"}],"wp:term":[{"taxonomy":"category","embeddable":true,"href":"https:\/\/criteriabcn.com\/es\/wp-json\/wp\/v2\/categories?post=21567"},{"taxonomy":"post_tag","embeddable":true,"href":"https:\/\/criteriabcn.com\/es\/wp-json\/wp\/v2\/tags?post=21567"}],"curies":[{"name":"wp","href":"https:\/\/api.w.org\/{rel}","templated":true}]}}