{"id":21588,"date":"2022-10-06T09:12:08","date_gmt":"2022-10-06T08:12:08","guid":{"rendered":"https:\/\/criteriabcn.com\/?p=21588"},"modified":"2022-11-29T08:32:01","modified_gmt":"2022-11-29T07:32:01","slug":"el-taller-de-pintura","status":"publish","type":"post","link":"https:\/\/criteriabcn.com\/es\/el-taller-de-pintura\/","title":{"rendered":"El taller de pintura (de Claudi Mart\u00ednez)"},"content":{"rendered":"<p>La obra de <strong>Claudi Mart\u00ednez<\/strong> no se explica sin conocer el lugar donde el artista encuentra la inspiraci\u00f3n y la tranquilidad. En plena naturaleza, con la vista puesta en el <a href=\"https:\/\/es.wikipedia.org\/wiki\/Parque_natural_del_Montseny\" target=\"_blank\" rel=\"noopener\"><strong>Parque Natural del Montseny<\/strong><\/a>, el estudio-taller de Claudi proporciona una <strong>sensaci\u00f3n de calma y de<\/strong> <strong>comuni\u00f3n con los ritmos y las melod\u00edas que la monta\u00f1a<\/strong> le ofrece; tranquilos y relajantes a veces, exultantes de vida, c\u00e1lidos o grises seg\u00fan los caprichos del tiempo y del momento. Pero <strong>siempre sugerentes<\/strong>.<\/p>\n<p><img decoding=\"async\" class=\"aligncenter size-large wp-image-21589\" src=\"https:\/\/criteriabcn.com\/wp-content\/uploads\/2022\/10\/Exterior-01-1024x768.jpg\" alt=\"\" width=\"1024\" height=\"768\" srcset=\"https:\/\/criteriabcn.com\/wp-content\/uploads\/2022\/10\/Exterior-01-200x150.jpg 200w, https:\/\/criteriabcn.com\/wp-content\/uploads\/2022\/10\/Exterior-01-300x225.jpg 300w, https:\/\/criteriabcn.com\/wp-content\/uploads\/2022\/10\/Exterior-01-400x300.jpg 400w, https:\/\/criteriabcn.com\/wp-content\/uploads\/2022\/10\/Exterior-01-600x450.jpg 600w, https:\/\/criteriabcn.com\/wp-content\/uploads\/2022\/10\/Exterior-01-768x576.jpg 768w, https:\/\/criteriabcn.com\/wp-content\/uploads\/2022\/10\/Exterior-01-800x600.jpg 800w, https:\/\/criteriabcn.com\/wp-content\/uploads\/2022\/10\/Exterior-01-1024x768.jpg 1024w, https:\/\/criteriabcn.com\/wp-content\/uploads\/2022\/10\/Exterior-01-1200x900.jpg 1200w, https:\/\/criteriabcn.com\/wp-content\/uploads\/2022\/10\/Exterior-01-1536x1152.jpg 1536w\" sizes=\"(max-width: 1024px) 100vw, 1024px\" \/><\/p>\n<p>Y es en ese lugar-no lugar donde Claudi alcanza su apogeo creativo, dej\u00e1ndose llevar por las <strong>sensaciones<\/strong> que ese marco incomparable le sugieren para traducir en trazos vivos, para plasmar con los colores de su paleta, en una sinfon\u00eda de ritmos indescriptibles, sus <strong>emociones<\/strong>.<\/p>\n<p><img decoding=\"async\" class=\"wp-image-21593 alignleft\" src=\"https:\/\/criteriabcn.com\/wp-content\/uploads\/2022\/10\/Exterior-04-1024x683.jpg\" alt=\"\" width=\"551\" height=\"367\" srcset=\"https:\/\/criteriabcn.com\/wp-content\/uploads\/2022\/10\/Exterior-04-200x133.jpg 200w, https:\/\/criteriabcn.com\/wp-content\/uploads\/2022\/10\/Exterior-04-300x200.jpg 300w, https:\/\/criteriabcn.com\/wp-content\/uploads\/2022\/10\/Exterior-04-400x267.jpg 400w, https:\/\/criteriabcn.com\/wp-content\/uploads\/2022\/10\/Exterior-04-600x400.jpg 600w, https:\/\/criteriabcn.com\/wp-content\/uploads\/2022\/10\/Exterior-04-768x512.jpg 768w, https:\/\/criteriabcn.com\/wp-content\/uploads\/2022\/10\/Exterior-04-800x533.jpg 800w, https:\/\/criteriabcn.com\/wp-content\/uploads\/2022\/10\/Exterior-04-1024x683.jpg 1024w, https:\/\/criteriabcn.com\/wp-content\/uploads\/2022\/10\/Exterior-04.jpg 1200w\" sizes=\"(max-width: 551px) 100vw, 551px\" \/><\/p>\n<p>El <strong>taller de pintura<\/strong> est\u00e1 separado del resto de la casa para conseguir mayor <strong>intimidad e independencia<\/strong>.<\/p>\n<p>&nbsp;<\/p>\n<p>&nbsp;<\/p>\n<p>&nbsp;<\/p>\n<p>&nbsp;<\/p>\n<p>&nbsp;<\/p>\n<p>&nbsp;<\/p>\n<p>&nbsp;<\/p>\n<p>&nbsp;<\/p>\n<p><img decoding=\"async\" class=\"wp-image-21597 alignright\" src=\"https:\/\/criteriabcn.com\/wp-content\/uploads\/2022\/10\/Interior-03-1021x1024.jpg\" alt=\"\" width=\"505\" height=\"507\" srcset=\"https:\/\/criteriabcn.com\/wp-content\/uploads\/2022\/10\/Interior-03-66x66.jpg 66w, https:\/\/criteriabcn.com\/wp-content\/uploads\/2022\/10\/Interior-03-150x150.jpg 150w, https:\/\/criteriabcn.com\/wp-content\/uploads\/2022\/10\/Interior-03-200x201.jpg 200w, https:\/\/criteriabcn.com\/wp-content\/uploads\/2022\/10\/Interior-03-300x300.jpg 300w, https:\/\/criteriabcn.com\/wp-content\/uploads\/2022\/10\/Interior-03-400x401.jpg 400w, https:\/\/criteriabcn.com\/wp-content\/uploads\/2022\/10\/Interior-03-600x602.jpg 600w, https:\/\/criteriabcn.com\/wp-content\/uploads\/2022\/10\/Interior-03-768x770.jpg 768w, https:\/\/criteriabcn.com\/wp-content\/uploads\/2022\/10\/Interior-03-800x802.jpg 800w, https:\/\/criteriabcn.com\/wp-content\/uploads\/2022\/10\/Interior-03-1021x1024.jpg 1021w, https:\/\/criteriabcn.com\/wp-content\/uploads\/2022\/10\/Interior-03.jpg 1200w\" sizes=\"(max-width: 505px) 100vw, 505px\" \/>La <strong>luz<\/strong> es la caracter\u00edstica principal del taller caracterizado por el doble espacio y el techo inclinado de madera que dan la <strong>calidez e intimidad<\/strong> necesarias.<\/p>\n<p>&nbsp;<\/p>\n<p>&nbsp;<\/p>\n<p>&nbsp;<\/p>\n<p>&nbsp;<\/p>\n<p>&nbsp;<\/p>\n<p>&nbsp;<\/p>\n<p>&nbsp;<\/p>\n<p>&nbsp;<\/p>\n<p>&nbsp;<\/p>\n<p>&nbsp;<\/p>\n<p>&nbsp;<\/p>\n\n\t\t<style type=\"text\/css\">\n\t\t\t#gallery-1 {\n\t\t\t\tmargin: auto;\n\t\t\t}\n\t\t\t#gallery-1 .gallery-item {\n\t\t\t\tfloat: left;\n\t\t\t\tmargin-top: 10px;\n\t\t\t\ttext-align: center;\n\t\t\t\twidth: 20%;\n\t\t\t}\n\t\t\t#gallery-1 img {\n\t\t\t\tborder: 2px solid #cfcfcf;\n\t\t\t}\n\t\t\t#gallery-1 .gallery-caption {\n\t\t\t\tmargin-left: 0;\n\t\t\t}\n\t\t\t\/* see gallery_shortcode() in wp-includes\/media.php *\/\n\t\t<\/style>\n\t\t<div id='gallery-1' class='gallery galleryid-21588 gallery-columns-5 gallery-size-thumbnail'><dl class='gallery-item'>\n\t\t\t<dt class='gallery-icon landscape'>\n\t\t\t\t<a data-rel=\"iLightbox[postimages]\" data-title=\"Interior 01\" data-caption=\"\" href='https:\/\/criteriabcn.com\/es\/el-taller-de-pintura\/interior-01\/'><img decoding=\"async\" width=\"150\" height=\"150\" src=\"https:\/\/criteriabcn.com\/wp-content\/uploads\/2022\/10\/Interior-01-150x150.jpg\" class=\"attachment-thumbnail size-thumbnail\" alt=\"\" srcset=\"https:\/\/criteriabcn.com\/wp-content\/uploads\/2022\/10\/Interior-01-66x66.jpg 66w, https:\/\/criteriabcn.com\/wp-content\/uploads\/2022\/10\/Interior-01-150x150.jpg 150w\" sizes=\"(max-width: 150px) 100vw, 150px\" \/><\/a>\n\t\t\t<\/dt><\/dl><dl class='gallery-item'>\n\t\t\t<dt class='gallery-icon landscape'>\n\t\t\t\t<a data-rel=\"iLightbox[postimages]\" data-title=\"Interior 02\" data-caption=\"\" href='https:\/\/criteriabcn.com\/es\/el-taller-de-pintura\/interior-02\/'><img decoding=\"async\" width=\"150\" height=\"150\" src=\"https:\/\/criteriabcn.com\/wp-content\/uploads\/2022\/10\/Interior-02-150x150.jpg\" class=\"attachment-thumbnail size-thumbnail\" alt=\"\" srcset=\"https:\/\/criteriabcn.com\/wp-content\/uploads\/2022\/10\/Interior-02-66x66.jpg 66w, https:\/\/criteriabcn.com\/wp-content\/uploads\/2022\/10\/Interior-02-150x150.jpg 150w\" sizes=\"(max-width: 150px) 100vw, 150px\" \/><\/a>\n\t\t\t<\/dt><\/dl><dl class='gallery-item'>\n\t\t\t<dt class='gallery-icon landscape'>\n\t\t\t\t<a data-rel=\"iLightbox[postimages]\" data-title=\"Exterior 05\" data-caption=\"\" href='https:\/\/criteriabcn.com\/es\/el-taller-de-pintura\/exterior-05-2\/'><img decoding=\"async\" width=\"150\" height=\"150\" src=\"https:\/\/criteriabcn.com\/wp-content\/uploads\/2022\/10\/Exterior-05-1-150x150.jpg\" class=\"attachment-thumbnail size-thumbnail\" alt=\"\" srcset=\"https:\/\/criteriabcn.com\/wp-content\/uploads\/2022\/10\/Exterior-05-1-66x66.jpg 66w, https:\/\/criteriabcn.com\/wp-content\/uploads\/2022\/10\/Exterior-05-1-150x150.jpg 150w\" sizes=\"(max-width: 150px) 100vw, 150px\" \/><\/a>\n\t\t\t<\/dt><\/dl><dl class='gallery-item'>\n\t\t\t<dt class='gallery-icon landscape'>\n\t\t\t\t<a data-rel=\"iLightbox[postimages]\" data-title=\"Exterior 02\" data-caption=\"\" href='https:\/\/criteriabcn.com\/es\/el-taller-de-pintura\/exterior-02\/'><img decoding=\"async\" width=\"150\" height=\"150\" src=\"https:\/\/criteriabcn.com\/wp-content\/uploads\/2022\/10\/Exterior-02-150x150.jpg\" class=\"attachment-thumbnail size-thumbnail\" alt=\"\" srcset=\"https:\/\/criteriabcn.com\/wp-content\/uploads\/2022\/10\/Exterior-02-66x66.jpg 66w, https:\/\/criteriabcn.com\/wp-content\/uploads\/2022\/10\/Exterior-02-150x150.jpg 150w\" sizes=\"(max-width: 150px) 100vw, 150px\" \/><\/a>\n\t\t\t<\/dt><\/dl><dl class='gallery-item'>\n\t\t\t<dt class='gallery-icon landscape'>\n\t\t\t\t<a data-rel=\"iLightbox[postimages]\" data-title=\"Exterior 03\" data-caption=\"\" href='https:\/\/criteriabcn.com\/es\/el-taller-de-pintura\/exterior-03\/'><img decoding=\"async\" width=\"150\" height=\"150\" src=\"https:\/\/criteriabcn.com\/wp-content\/uploads\/2022\/10\/Exterior-03-150x150.jpg\" class=\"attachment-thumbnail size-thumbnail\" alt=\"\" srcset=\"https:\/\/criteriabcn.com\/wp-content\/uploads\/2022\/10\/Exterior-03-66x66.jpg 66w, https:\/\/criteriabcn.com\/wp-content\/uploads\/2022\/10\/Exterior-03-150x150.jpg 150w\" sizes=\"(max-width: 150px) 100vw, 150px\" \/><\/a>\n\t\t\t<\/dt><\/dl><br style=\"clear: both\" \/>\n\t\t<\/div>\n\n","protected":false},"excerpt":{"rendered":"<p>La obra de Claudi Mart\u00ednez no se explica sin conocer  [&#8230;]<\/p>\n","protected":false},"author":6,"featured_media":21601,"comment_status":"open","ping_status":"open","sticky":false,"template":"","format":"standard","meta":{"footnotes":""},"categories":[215,422],"tags":[423,424,425],"class_list":["post-21588","post","type-post","status-publish","format-standard","has-post-thumbnail","hentry","category-arquitectura-de-los-sentidos","category-arte","tag-arte","tag-pintura","tag-taller"],"yoast_head":"<!-- This site is optimized with the Yoast SEO plugin v24.1 - https:\/\/yoast.com\/wordpress\/plugins\/seo\/ -->\n<title>El taller de pintura (de Claudi Mart\u00ednez) - Criteria BCN<\/title>\n<meta name=\"robots\" content=\"index, follow, max-snippet:-1, max-image-preview:large, max-video-preview:-1\" \/>\n<link rel=\"canonical\" href=\"https:\/\/criteriabcn.com\/es\/el-taller-de-pintura\/\" \/>\n<meta property=\"og:locale\" content=\"es_ES\" \/>\n<meta property=\"og:type\" content=\"article\" \/>\n<meta property=\"og:title\" content=\"El taller de pintura (de Claudi Mart\u00ednez) - Criteria BCN\" \/>\n<meta property=\"og:description\" content=\"La obra de Claudi Mart\u00ednez no se explica sin conocer [...]\" \/>\n<meta property=\"og:url\" content=\"https:\/\/criteriabcn.com\/es\/el-taller-de-pintura\/\" \/>\n<meta property=\"og:site_name\" content=\"Criteria BCN\" \/>\n<meta property=\"article:published_time\" content=\"2022-10-06T08:12:08+00:00\" \/>\n<meta property=\"article:modified_time\" content=\"2022-11-29T07:32:01+00:00\" \/>\n<meta property=\"og:image\" content=\"https:\/\/criteriabcn.com\/wp-content\/uploads\/2022\/10\/Interior-02.jpg\" \/>\n\t<meta property=\"og:image:width\" content=\"2000\" \/>\n\t<meta property=\"og:image:height\" content=\"1333\" \/>\n\t<meta property=\"og:image:type\" content=\"image\/jpeg\" \/>\n<meta name=\"author\" content=\"Dani Marketing\" \/>\n<meta name=\"twitter:card\" content=\"summary_large_image\" \/>\n<meta name=\"twitter:label1\" content=\"Escrito por\" \/>\n\t<meta name=\"twitter:data1\" content=\"Dani Marketing\" \/>\n\t<meta name=\"twitter:label2\" content=\"Tiempo de lectura\" \/>\n\t<meta name=\"twitter:data2\" content=\"2 minutos\" \/>\n<script type=\"application\/ld+json\" class=\"yoast-schema-graph\">{\"@context\":\"https:\/\/schema.org\",\"@graph\":[{\"@type\":\"WebPage\",\"@id\":\"https:\/\/criteriabcn.com\/es\/el-taller-de-pintura\/\",\"url\":\"https:\/\/criteriabcn.com\/es\/el-taller-de-pintura\/\",\"name\":\"El taller de pintura (de Claudi Mart\u00ednez) - Criteria BCN\",\"isPartOf\":{\"@id\":\"https:\/\/criteriabcn.com\/es\/#website\"},\"primaryImageOfPage\":{\"@id\":\"https:\/\/criteriabcn.com\/es\/el-taller-de-pintura\/#primaryimage\"},\"image\":{\"@id\":\"https:\/\/criteriabcn.com\/es\/el-taller-de-pintura\/#primaryimage\"},\"thumbnailUrl\":\"https:\/\/criteriabcn.com\/wp-content\/uploads\/2022\/10\/Interior-02.jpg\",\"datePublished\":\"2022-10-06T08:12:08+00:00\",\"dateModified\":\"2022-11-29T07:32:01+00:00\",\"author\":{\"@id\":\"https:\/\/criteriabcn.com\/es\/#\/schema\/person\/f5612f8d9c55d92b2b69456dc5394132\"},\"breadcrumb\":{\"@id\":\"https:\/\/criteriabcn.com\/es\/el-taller-de-pintura\/#breadcrumb\"},\"inLanguage\":\"es\",\"potentialAction\":[{\"@type\":\"ReadAction\",\"target\":[\"https:\/\/criteriabcn.com\/es\/el-taller-de-pintura\/\"]}]},{\"@type\":\"ImageObject\",\"inLanguage\":\"es\",\"@id\":\"https:\/\/criteriabcn.com\/es\/el-taller-de-pintura\/#primaryimage\",\"url\":\"https:\/\/criteriabcn.com\/wp-content\/uploads\/2022\/10\/Interior-02.jpg\",\"contentUrl\":\"https:\/\/criteriabcn.com\/wp-content\/uploads\/2022\/10\/Interior-02.jpg\",\"width\":2000,\"height\":1333},{\"@type\":\"BreadcrumbList\",\"@id\":\"https:\/\/criteriabcn.com\/es\/el-taller-de-pintura\/#breadcrumb\",\"itemListElement\":[{\"@type\":\"ListItem\",\"position\":1,\"name\":\"Inici\",\"item\":\"https:\/\/criteriabcn.com\/es\/\"},{\"@type\":\"ListItem\",\"position\":2,\"name\":\"El taller de pintura (de Claudi Mart\u00ednez)\"}]},{\"@type\":\"WebSite\",\"@id\":\"https:\/\/criteriabcn.com\/es\/#website\",\"url\":\"https:\/\/criteriabcn.com\/es\/\",\"name\":\"Criteria BCN\",\"description\":\"La arquitectura de los sentidos\",\"potentialAction\":[{\"@type\":\"SearchAction\",\"target\":{\"@type\":\"EntryPoint\",\"urlTemplate\":\"https:\/\/criteriabcn.com\/es\/?s={search_term_string}\"},\"query-input\":{\"@type\":\"PropertyValueSpecification\",\"valueRequired\":true,\"valueName\":\"search_term_string\"}}],\"inLanguage\":\"es\"},{\"@type\":\"Person\",\"@id\":\"https:\/\/criteriabcn.com\/es\/#\/schema\/person\/f5612f8d9c55d92b2b69456dc5394132\",\"name\":\"Dani Marketing\",\"image\":{\"@type\":\"ImageObject\",\"inLanguage\":\"es\",\"@id\":\"https:\/\/criteriabcn.com\/es\/#\/schema\/person\/image\/\",\"url\":\"https:\/\/secure.gravatar.com\/avatar\/ed5a477355a6f8c0448e4c44bf7fecaa?s=96&d=mm&r=g\",\"contentUrl\":\"https:\/\/secure.gravatar.com\/avatar\/ed5a477355a6f8c0448e4c44bf7fecaa?s=96&d=mm&r=g\",\"caption\":\"Dani Marketing\"},\"url\":\"https:\/\/criteriabcn.com\/es\/author\/dani\/\"}]}<\/script>\n<!-- \/ Yoast SEO plugin. -->","yoast_head_json":{"title":"El taller de pintura (de Claudi Mart\u00ednez) - Criteria BCN","robots":{"index":"index","follow":"follow","max-snippet":"max-snippet:-1","max-image-preview":"max-image-preview:large","max-video-preview":"max-video-preview:-1"},"canonical":"https:\/\/criteriabcn.com\/es\/el-taller-de-pintura\/","og_locale":"es_ES","og_type":"article","og_title":"El taller de pintura (de Claudi Mart\u00ednez) - Criteria BCN","og_description":"La obra de Claudi Mart\u00ednez no se explica sin conocer [...]","og_url":"https:\/\/criteriabcn.com\/es\/el-taller-de-pintura\/","og_site_name":"Criteria BCN","article_published_time":"2022-10-06T08:12:08+00:00","article_modified_time":"2022-11-29T07:32:01+00:00","og_image":[{"width":2000,"height":1333,"url":"https:\/\/criteriabcn.com\/wp-content\/uploads\/2022\/10\/Interior-02.jpg","type":"image\/jpeg"}],"author":"Dani Marketing","twitter_card":"summary_large_image","twitter_misc":{"Escrito por":"Dani Marketing","Tiempo de lectura":"2 minutos"},"schema":{"@context":"https:\/\/schema.org","@graph":[{"@type":"WebPage","@id":"https:\/\/criteriabcn.com\/es\/el-taller-de-pintura\/","url":"https:\/\/criteriabcn.com\/es\/el-taller-de-pintura\/","name":"El taller de pintura (de Claudi Mart\u00ednez) - Criteria BCN","isPartOf":{"@id":"https:\/\/criteriabcn.com\/es\/#website"},"primaryImageOfPage":{"@id":"https:\/\/criteriabcn.com\/es\/el-taller-de-pintura\/#primaryimage"},"image":{"@id":"https:\/\/criteriabcn.com\/es\/el-taller-de-pintura\/#primaryimage"},"thumbnailUrl":"https:\/\/criteriabcn.com\/wp-content\/uploads\/2022\/10\/Interior-02.jpg","datePublished":"2022-10-06T08:12:08+00:00","dateModified":"2022-11-29T07:32:01+00:00","author":{"@id":"https:\/\/criteriabcn.com\/es\/#\/schema\/person\/f5612f8d9c55d92b2b69456dc5394132"},"breadcrumb":{"@id":"https:\/\/criteriabcn.com\/es\/el-taller-de-pintura\/#breadcrumb"},"inLanguage":"es","potentialAction":[{"@type":"ReadAction","target":["https:\/\/criteriabcn.com\/es\/el-taller-de-pintura\/"]}]},{"@type":"ImageObject","inLanguage":"es","@id":"https:\/\/criteriabcn.com\/es\/el-taller-de-pintura\/#primaryimage","url":"https:\/\/criteriabcn.com\/wp-content\/uploads\/2022\/10\/Interior-02.jpg","contentUrl":"https:\/\/criteriabcn.com\/wp-content\/uploads\/2022\/10\/Interior-02.jpg","width":2000,"height":1333},{"@type":"BreadcrumbList","@id":"https:\/\/criteriabcn.com\/es\/el-taller-de-pintura\/#breadcrumb","itemListElement":[{"@type":"ListItem","position":1,"name":"Inici","item":"https:\/\/criteriabcn.com\/es\/"},{"@type":"ListItem","position":2,"name":"El taller de pintura (de Claudi Mart\u00ednez)"}]},{"@type":"WebSite","@id":"https:\/\/criteriabcn.com\/es\/#website","url":"https:\/\/criteriabcn.com\/es\/","name":"Criteria BCN","description":"La arquitectura de los sentidos","potentialAction":[{"@type":"SearchAction","target":{"@type":"EntryPoint","urlTemplate":"https:\/\/criteriabcn.com\/es\/?s={search_term_string}"},"query-input":{"@type":"PropertyValueSpecification","valueRequired":true,"valueName":"search_term_string"}}],"inLanguage":"es"},{"@type":"Person","@id":"https:\/\/criteriabcn.com\/es\/#\/schema\/person\/f5612f8d9c55d92b2b69456dc5394132","name":"Dani Marketing","image":{"@type":"ImageObject","inLanguage":"es","@id":"https:\/\/criteriabcn.com\/es\/#\/schema\/person\/image\/","url":"https:\/\/secure.gravatar.com\/avatar\/ed5a477355a6f8c0448e4c44bf7fecaa?s=96&d=mm&r=g","contentUrl":"https:\/\/secure.gravatar.com\/avatar\/ed5a477355a6f8c0448e4c44bf7fecaa?s=96&d=mm&r=g","caption":"Dani Marketing"},"url":"https:\/\/criteriabcn.com\/es\/author\/dani\/"}]}},"_links":{"self":[{"href":"https:\/\/criteriabcn.com\/es\/wp-json\/wp\/v2\/posts\/21588","targetHints":{"allow":["GET"]}}],"collection":[{"href":"https:\/\/criteriabcn.com\/es\/wp-json\/wp\/v2\/posts"}],"about":[{"href":"https:\/\/criteriabcn.com\/es\/wp-json\/wp\/v2\/types\/post"}],"author":[{"embeddable":true,"href":"https:\/\/criteriabcn.com\/es\/wp-json\/wp\/v2\/users\/6"}],"replies":[{"embeddable":true,"href":"https:\/\/criteriabcn.com\/es\/wp-json\/wp\/v2\/comments?post=21588"}],"version-history":[{"count":17,"href":"https:\/\/criteriabcn.com\/es\/wp-json\/wp\/v2\/posts\/21588\/revisions"}],"predecessor-version":[{"id":21722,"href":"https:\/\/criteriabcn.com\/es\/wp-json\/wp\/v2\/posts\/21588\/revisions\/21722"}],"wp:featuredmedia":[{"embeddable":true,"href":"https:\/\/criteriabcn.com\/es\/wp-json\/wp\/v2\/media\/21601"}],"wp:attachment":[{"href":"https:\/\/criteriabcn.com\/es\/wp-json\/wp\/v2\/media?parent=21588"}],"wp:term":[{"taxonomy":"category","embeddable":true,"href":"https:\/\/criteriabcn.com\/es\/wp-json\/wp\/v2\/categories?post=21588"},{"taxonomy":"post_tag","embeddable":true,"href":"https:\/\/criteriabcn.com\/es\/wp-json\/wp\/v2\/tags?post=21588"}],"curies":[{"name":"wp","href":"https:\/\/api.w.org\/{rel}","templated":true}]}}