{"id":21724,"date":"2023-02-02T10:13:55","date_gmt":"2023-02-02T09:13:55","guid":{"rendered":"https:\/\/criteriabcn.com\/?p=21724"},"modified":"2023-02-02T10:16:49","modified_gmt":"2023-02-02T09:16:49","slug":"la-arquitectura-emocional","status":"publish","type":"post","link":"https:\/\/criteriabcn.com\/es\/la-arquitectura-emocional\/","title":{"rendered":"La arquitectura emocional"},"content":{"rendered":"<p class=\"reader-text-block__paragraph\"><a href=\"https:\/\/es.wikipedia.org\/wiki\/Mathias_Goeritz\">Mathias Goeritz<\/a>\u00a0(Danzig, 1915 &#8211; Ciudad de M\u00e9xico, 1990) fue un escultor, poeta y arquitecto de origen alem\u00e1n que se estableci\u00f3 en M\u00e9xico. Fue el impulsor de la arquitectura emocional, una corriente que deja atr\u00e1s lo puramente funcional y que considera que la arquitectura es una obra de arte que necesita provocar emociones y sensaciones en quien la aprecia.<\/p>\n<p class=\"reader-text-block__paragraph\">Entre sus obras destaca el\u00a0<a href=\"https:\/\/eleco.unam.mx\/\">Museo Experimental El Eco<\/a>, obra crucial en la historia del arte moderno mexicano y una de las m\u00e1s significativas del artista.<\/p>\n<p class=\"reader-text-block__paragraph\">En 1952, durante una exposici\u00f3n de pintura y escultura se conocieron Mathias Goeritz y el empresario Daniel Mont, quien le ofreci\u00f3 realizar el edificio que quisiera\u00a0en un terreno que dispon\u00eda en el centro de la capital mexicana, utilizando su intuici\u00f3n como artista. Goeritz erigi\u00f3 el edificio como si fuera una escultura. Levant\u00f3 unos muros muy altos para conseguir total autonom\u00eda del edificio respecto a su espacio interno. Los muros y los espacios interiores eran asim\u00e9tricos proporcionando al usuario constantes sorpresas y emociones.<\/p>\n<div class=\"reader-image-block reader-image-block--resize\">\n<figure class=\"reader-image-block__figure\">\n<div class=\"ivm-image-view-model \">\n<div class=\"ivm-view-attr__img-wrapper ivm-view-attr__img-wrapper--use-img-tag display-flex \">\n<div style=\"width: 815px\" class=\"wp-caption aligncenter\"><img decoding=\"async\" id=\"ember351\" class=\"ivm-view-attr__img--centered reader-image-block__img lazy-image ember-view\" src=\"https:\/\/media.licdn.com\/dms\/image\/D4E12AQHXiRIPUwviWw\/article-inline_image-shrink_1000_1488\/0\/1671797733443?e=1680739200&amp;v=beta&amp;t=x2QI6q4GA3cfW5f811GV7rMImlmEb3Z-8BsDYX3xsq0\" alt=\"Dibujo ideogr\u00e1fico del Museo El Eco. Mathias Goeritz. 1952\" width=\"805\" height=\"744\" \/><p class=\"wp-caption-text\">Dibujo ideogr\u00e1fico del Museo El Eco. Mathias Goeritz. 1952.<\/p><\/div>\n<\/div>\n<\/div>\n<\/figure>\n<\/div>\n<p class=\"reader-text-block__paragraph\">El interior estaba totalmente vac\u00edo para as\u00ed concebir el edificio como una obra en s\u00ed misma, un espacio cambiante, entregado a la emoci\u00f3n del espectador, donde\u00a0no se almacenan obras pero s\u00ed se pueden realizar eventos multidisciplinares ef\u00edmeros. El objetivo final era el de ser un museo experimental.<\/p>\n<div class=\"reader-image-block reader-image-block--resize\">\n<figure class=\"reader-image-block__figure\">\n<div class=\"ivm-image-view-model \">\n<div class=\"ivm-view-attr__img-wrapper ivm-view-attr__img-wrapper--use-img-tag display-flex \">\n<div style=\"width: 814px\" class=\"wp-caption aligncenter\"><img decoding=\"async\" id=\"ember352\" class=\"ivm-view-attr__img--centered reader-image-block__img lazy-image ember-view\" src=\"https:\/\/media.licdn.com\/dms\/image\/D4E12AQHDQKrddN2nYQ\/article-inline_image-shrink_1000_1488\/0\/1671798010118?e=1680739200&amp;v=beta&amp;t=I8mwLDHYhStp-9G_hWltTlQ72V5EXWFJtPI0Oq9Z4g0\" alt=\"Planta del Museo El Eco\" width=\"804\" height=\"859\" \/><p class=\"wp-caption-text\">Planta del Museo El Eco.<\/p><\/div>\n<\/div>\n<\/div>\n<\/figure>\n<\/div>\n<p class=\"reader-text-block__paragraph\">Un muro amarillo de 12 metros de altura en el que se escrib\u00eda un poema pl\u00e1stico abstracto con caracteres de acero; un pasillo de cuatro metros y medio que iba estrechando paralelamente al descender del techo, creando\u00a0una perspectiva emocional; un patio interior donde se ubicaba una escultura del propio Goertiz,\u00a0<em>La Serpiente<\/em>. Desde el exterior s\u00f3lo se ve\u00eda el muro, muy alto y un extremo de la escultura.<\/p>\n<div class=\"reader-image-block reader-image-block--resize\">\n<figure class=\"reader-image-block__figure\">\n<div class=\"ivm-image-view-model \">\n<div class=\"ivm-view-attr__img-wrapper ivm-view-attr__img-wrapper--use-img-tag display-flex \">\n<div style=\"width: 815px\" class=\"wp-caption aligncenter\"><img decoding=\"async\" id=\"ember353\" class=\"ivm-view-attr__img--centered reader-image-block__img lazy-image ember-view\" src=\"https:\/\/media.licdn.com\/dms\/image\/D4E12AQEmPkMWBKib3A\/article-inline_image-shrink_1500_2232\/0\/1671798067501?e=1680739200&amp;v=beta&amp;t=VXzb0Z4tHb1_oQlXj5bxM4rIeLK_mBDazSwKqRs3qIo\" alt=\"Poema pl\u00e1stico\" width=\"805\" height=\"536\" \/><p class=\"wp-caption-text\">Poema pl\u00e1stico.<\/p><\/div>\n<\/div>\n<\/div>\n<\/figure>\n<\/div>\n<p class=\"reader-text-block__paragraph\">Esta obra fue comprendida como ejemplo de una arquitectura cuya principal funci\u00f3n es la emoci\u00f3n. Tanto el Museo El Eco como su escultura interna son interpretadas como obras pioneras en el mundo, en el campo de la museolog\u00eda experimental, concepto de museo como animaci\u00f3n y no como dep\u00f3sito de obras.<\/p>\n<div class=\"reader-image-block reader-image-block--resize\">\n<figure class=\"reader-image-block__figure\">\n<div class=\"ivm-image-view-model \">\n<div class=\"ivm-view-attr__img-wrapper ivm-view-attr__img-wrapper--use-img-tag display-flex \">\n<div style=\"width: 865px\" class=\"wp-caption aligncenter\"><img decoding=\"async\" id=\"ember354\" class=\"ivm-view-attr__img--centered reader-image-block__img lazy-image ember-view\" src=\"https:\/\/media.licdn.com\/dms\/image\/D4E12AQF1Y-fZc139zw\/article-inline_image-shrink_1000_1488\/0\/1671797958774?e=1680739200&amp;v=beta&amp;t=JGNnjquHeBgfqy4OlL1zVAYZT4vEUVCo0ldz_47AAS0\" alt=\"La Serpiente. Escultura de Mathias Goeritz\" width=\"855\" height=\"474\" \/><p class=\"wp-caption-text\">La Serpiente. Escultura de Mathias Goeritz.<\/p><\/div>\n<\/div>\n<\/div><figcaption class=\"display-block mt2 full-width text-body-small-open t-sans text-align-center t-black--light\">Un a\u00f1o despu\u00e9s de la inauguraci\u00f3n del museo, Goeritz public\u00f3 el <a href=\"https:\/\/eleco.unam.mx\/manifiesto-de-la-arquitectura-emocional-1953\/\">Manifiesto de la Arquitectura Emocional.<\/a><\/p>\n<p class=\"reader-text-block__paragraph\">Al a\u00f1o siguiente de la apertura del <a href=\"https:\/\/eleco.unam.mx\/\">Museo Experimental El Eco<\/a>, en 1953,\u00a0<a href=\"https:\/\/es.wikipedia.org\/wiki\/Mathias_Goeritz\">Mathias Goeritz<\/a>\u00a0public\u00f3 el\u00a0<a href=\"https:\/\/eleco.unam.mx\/manifiesto-de-la-arquitectura-emocional-1953\/\">Manifiesto de Arquitectura Emocional<\/a>. Como se explic\u00f3 en la publicaci\u00f3n anterior, Goeritz fue precursor de esta corriente que prioriza el sentido escult\u00f3rico sobre el funcional, considerando que la arquitectura es una obra de arte que necesita provocar emociones y sensaciones en quien la aprecia.<\/p>\n<blockquote class=\"reader-text-block__quote\"><p><em>\u201cEstoy harto, sobre todo, de la atm\u00f3sfera artificial e hist\u00e9rica del llamado mundo art\u00edstico, con sus placeres adulterados. Quisiera que una silla sea una silla, tal cual, sin toda la enfermiza mistificaci\u00f3n inventada en torno suyo. Estoy harto de mi propio yo que me repugna m\u00e1s que nunca cuando me veo arrastrado por la aplastante ola del arte menor y cuando siento mi propia impotencia. Estoy convencido, por fin, que la belleza pl\u00e1stica, en la actualidad, se presenta con m\u00e1s vigor donde menos interviene el llamado artista. Habr\u00e1 que rectificar a fondo todos los valores establecidos: \u00a1Creer sin preguntar en qu\u00e9! Hacer o, por lo menos, intentar que la obra del hombre se convierta en una oraci\u00f3n pl\u00e1stica\u201d<\/em><\/p><\/blockquote>\n<p class=\"reader-text-block__paragraph\">Otra de las obras destacadas de Goeritz, son las <a href=\"https:\/\/es.wikipedia.org\/wiki\/Torres_de_Sat%C3%A9lite\" target=\"_blank\" rel=\"noopener\">Torres Sat\u00e9lite<\/a> que realiz\u00f3 en colaboraci\u00f3n con el arquitecto \u00a0<a href=\"https:\/\/es.wikipedia.org\/wiki\/Luis_Barrag%C3%A1n\" target=\"_blank\" rel=\"noopener\">Luis Barrag\u00e1n<\/a> y el pintor <a href=\"https:\/\/es.wikipedia.org\/wiki\/Chucho_Reyes\" target=\"_blank\" rel=\"noopener\">Jes\u00fas Reyes Ferreira<\/a>, en el a\u00f1o 1958, despu\u00e9s de viajar con el esteta Justino Fern\u00e1ndez a San Gimignano. Recibieron el encargo de dise\u00f1ar la entrada a la Ciudad Sat\u00e9lite, para la cual hicieron cinco torres de hormig\u00f3n de secci\u00f3n triangular de diferentes colores y alturas (la m\u00e1s alta de 52 metros), con un car\u00e1cter totalmente escult\u00f3rico y la intenci\u00f3n de que se pudieran \u00a0ver desde lejos y en movimiento.<\/p>\n<div class=\"reader-image-block reader-image-block--resize\">\n<figure class=\"reader-image-block__figure\">\n<div class=\"ivm-image-view-model \">\n<div class=\"ivm-view-attr__img-wrapper ivm-view-attr__img-wrapper--use-img-tag display-flex \">\n<div style=\"width: 865px\" class=\"wp-caption aligncenter\"><img decoding=\"async\" id=\"ember1291\" class=\"ivm-view-attr__img--centered reader-image-block__img lazy-image ember-view\" src=\"https:\/\/media.licdn.com\/dms\/image\/D4E12AQFxByMbDJYU9Q\/article-inline_image-shrink_1500_2232\/0\/1674146452544?e=1680739200&amp;v=beta&amp;t=HrfVGwQ5DSzi9TRkMlau-iyHLdGFYMAbD1ESEqMmjy4\" alt=\"No hay texto alternativo para esta imagen\" width=\"855\" height=\"1079\" \/><p class=\"wp-caption-text\">Torres de la Ciudad Sat\u00e9lite en colaboraci\u00f3n con Luis Barrag\u00e1n y Jes\u00fas Reyes Ferreira. 1958.<\/p><\/div>\n<\/div>\n<\/div>\n<\/figure>\n<\/div>\n<p class=\"reader-text-block__paragraph\">Los colores originales fueron blanco, amarillo y ocre, de acuerdo a la inspiraci\u00f3n que sus creadores encontraron en las torres de San Gimignano en Italia.<\/p>\n<div class=\"reader-image-block reader-image-block--full-width\">\n<figure class=\"reader-image-block__figure\">\n<div class=\"ivm-image-view-model \">\n<div class=\"ivm-view-attr__img-wrapper ivm-view-attr__img-wrapper--use-img-tag display-flex \">\n<div style=\"width: 865px\" class=\"wp-caption aligncenter\"><img decoding=\"async\" id=\"ember1292\" class=\"ivm-view-attr__img--centered reader-image-block__img lazy-image ember-view\" src=\"https:\/\/media.licdn.com\/dms\/image\/D4E12AQFy7AEWxaazPA\/article-inline_image-shrink_1000_1488\/0\/1674146864586?e=1680739200&amp;v=beta&amp;t=A2IacOeMgRe0wOj5JEpWFl3n2WK4EBe0KBVBuZ3zgvs\" alt=\"No hay texto alternativo para esta imagen\" width=\"855\" height=\"574\" \/><p class=\"wp-caption-text\">Torres de la Ciudad Sat\u00e9lite en colaboraci\u00f3n con Luis Barrag\u00e1n y Jes\u00fas Reyes Ferreira. 1958.<\/p><\/div>\n<\/div>\n<\/div>\n<\/figure>\n<\/div>\n<p class=\"reader-text-block__paragraph\">La obra es concebida como un experimento que pretende mostrar la conjunci\u00f3n inseparable entre arquitectura y escultura.<\/p>\n<p class=\"reader-text-block__paragraph\">Paralelamente realiz\u00f3 las torres de Temixco en Morelos y los vitrales de la iglesia de San Lorenzo en Ciudad de M\u00e9xico. Tras la muerte de su esposa en 1959, comenz\u00f3 la serie de obras conocidas como <strong>Mensajes Dorados<\/strong>, que incluyen la hoja de oro como material espiritual. Los Mensajes dorados fueron los precursores de su colaboraci\u00f3n con Luis Barrag\u00e1n para el proyecto del altar de la capilla de las Capuchinas de Ciudad de M\u00e9xico en 1963.<\/p>\n<p class=\"reader-text-block__paragraph\">Goeritz promovi\u00f3 la creaci\u00f3n de la <strong>Ruta de la Amistad<\/strong>, un circuito escult\u00f3rico situado en el Anillo Perif\u00e9rico de M\u00e9xico D.F. para los Juegos Ol\u00edmpicos de 1968 con el trabajo de m\u00e1s de una decena de escultores representantes de diferentes pa\u00edses.<\/p>\n<p class=\"reader-text-block__paragraph\">Entre 1978 y 1980 realiz\u00f3 el centro del Espacio Escult\u00f3rico dentro de la Ciudad Universitaria colaborando con artistas como Helen Escobedo, Manuel Felgu\u00e9rez, Hers\u00faa, Sebasti\u00e1n y Federico Silva.<\/p>\n<\/figcaption><\/figure>\n<\/div>\n","protected":false},"excerpt":{"rendered":"<p>Mathias Goeritz\u00a0(Danzig, 1915 &#8211; Ciudad de M\u00e9xico, 1990) fue un  [&#8230;]<\/p>\n","protected":false},"author":6,"featured_media":21730,"comment_status":"open","ping_status":"open","sticky":false,"template":"","format":"standard","meta":{"footnotes":""},"categories":[215,422],"tags":[464,453,423,467,461,463,468,460,462,469,466,465],"class_list":["post-21724","post","type-post","status-publish","format-standard","has-post-thumbnail","hentry","category-arquitectura-de-los-sentidos","category-arte","tag-arquitecto","tag-arquitectura-es","tag-arte","tag-eco","tag-emocional","tag-escultor","tag-experimental","tag-goeritz","tag-mexico","tag-museo","tag-obra","tag-pintor"],"yoast_head":"<!-- This site is optimized with the Yoast SEO plugin v24.1 - https:\/\/yoast.com\/wordpress\/plugins\/seo\/ -->\n<title>La arquitectura emocional - Criteria BCN<\/title>\n<meta name=\"robots\" content=\"index, follow, max-snippet:-1, max-image-preview:large, max-video-preview:-1\" \/>\n<link rel=\"canonical\" href=\"https:\/\/criteriabcn.com\/es\/la-arquitectura-emocional\/\" \/>\n<meta property=\"og:locale\" content=\"es_ES\" \/>\n<meta property=\"og:type\" content=\"article\" \/>\n<meta property=\"og:title\" content=\"La arquitectura emocional - Criteria BCN\" \/>\n<meta property=\"og:description\" content=\"Mathias Goeritz\u00a0(Danzig, 1915 &#8211; Ciudad de M\u00e9xico, 1990) fue un [...]\" \/>\n<meta property=\"og:url\" content=\"https:\/\/criteriabcn.com\/es\/la-arquitectura-emocional\/\" \/>\n<meta property=\"og:site_name\" content=\"Criteria BCN\" \/>\n<meta property=\"article:published_time\" content=\"2023-02-02T09:13:55+00:00\" \/>\n<meta property=\"article:modified_time\" content=\"2023-02-02T09:16:49+00:00\" \/>\n<meta property=\"og:image\" content=\"https:\/\/criteriabcn.com\/wp-content\/uploads\/2023\/02\/Torres-Ciudad-Satelite-03.jpg\" \/>\n\t<meta property=\"og:image:width\" content=\"1200\" \/>\n\t<meta property=\"og:image:height\" content=\"806\" \/>\n\t<meta property=\"og:image:type\" content=\"image\/jpeg\" \/>\n<meta name=\"author\" content=\"Dani Marketing\" \/>\n<meta name=\"twitter:card\" content=\"summary_large_image\" \/>\n<meta name=\"twitter:label1\" content=\"Escrito por\" \/>\n\t<meta name=\"twitter:data1\" content=\"Dani Marketing\" \/>\n\t<meta name=\"twitter:label2\" content=\"Tiempo de lectura\" \/>\n\t<meta name=\"twitter:data2\" content=\"7 minutos\" \/>\n<script type=\"application\/ld+json\" class=\"yoast-schema-graph\">{\"@context\":\"https:\/\/schema.org\",\"@graph\":[{\"@type\":\"WebPage\",\"@id\":\"https:\/\/criteriabcn.com\/es\/la-arquitectura-emocional\/\",\"url\":\"https:\/\/criteriabcn.com\/es\/la-arquitectura-emocional\/\",\"name\":\"La arquitectura emocional - Criteria BCN\",\"isPartOf\":{\"@id\":\"https:\/\/criteriabcn.com\/es\/#website\"},\"primaryImageOfPage\":{\"@id\":\"https:\/\/criteriabcn.com\/es\/la-arquitectura-emocional\/#primaryimage\"},\"image\":{\"@id\":\"https:\/\/criteriabcn.com\/es\/la-arquitectura-emocional\/#primaryimage\"},\"thumbnailUrl\":\"https:\/\/criteriabcn.com\/wp-content\/uploads\/2023\/02\/Torres-Ciudad-Satelite-03.jpg\",\"datePublished\":\"2023-02-02T09:13:55+00:00\",\"dateModified\":\"2023-02-02T09:16:49+00:00\",\"author\":{\"@id\":\"https:\/\/criteriabcn.com\/es\/#\/schema\/person\/f5612f8d9c55d92b2b69456dc5394132\"},\"breadcrumb\":{\"@id\":\"https:\/\/criteriabcn.com\/es\/la-arquitectura-emocional\/#breadcrumb\"},\"inLanguage\":\"es\",\"potentialAction\":[{\"@type\":\"ReadAction\",\"target\":[\"https:\/\/criteriabcn.com\/es\/la-arquitectura-emocional\/\"]}]},{\"@type\":\"ImageObject\",\"inLanguage\":\"es\",\"@id\":\"https:\/\/criteriabcn.com\/es\/la-arquitectura-emocional\/#primaryimage\",\"url\":\"https:\/\/criteriabcn.com\/wp-content\/uploads\/2023\/02\/Torres-Ciudad-Satelite-03.jpg\",\"contentUrl\":\"https:\/\/criteriabcn.com\/wp-content\/uploads\/2023\/02\/Torres-Ciudad-Satelite-03.jpg\",\"width\":1200,\"height\":806},{\"@type\":\"BreadcrumbList\",\"@id\":\"https:\/\/criteriabcn.com\/es\/la-arquitectura-emocional\/#breadcrumb\",\"itemListElement\":[{\"@type\":\"ListItem\",\"position\":1,\"name\":\"Inici\",\"item\":\"https:\/\/criteriabcn.com\/es\/\"},{\"@type\":\"ListItem\",\"position\":2,\"name\":\"La arquitectura emocional\"}]},{\"@type\":\"WebSite\",\"@id\":\"https:\/\/criteriabcn.com\/es\/#website\",\"url\":\"https:\/\/criteriabcn.com\/es\/\",\"name\":\"Criteria BCN\",\"description\":\"La arquitectura de los sentidos\",\"potentialAction\":[{\"@type\":\"SearchAction\",\"target\":{\"@type\":\"EntryPoint\",\"urlTemplate\":\"https:\/\/criteriabcn.com\/es\/?s={search_term_string}\"},\"query-input\":{\"@type\":\"PropertyValueSpecification\",\"valueRequired\":true,\"valueName\":\"search_term_string\"}}],\"inLanguage\":\"es\"},{\"@type\":\"Person\",\"@id\":\"https:\/\/criteriabcn.com\/es\/#\/schema\/person\/f5612f8d9c55d92b2b69456dc5394132\",\"name\":\"Dani Marketing\",\"image\":{\"@type\":\"ImageObject\",\"inLanguage\":\"es\",\"@id\":\"https:\/\/criteriabcn.com\/es\/#\/schema\/person\/image\/\",\"url\":\"https:\/\/secure.gravatar.com\/avatar\/ed5a477355a6f8c0448e4c44bf7fecaa?s=96&d=mm&r=g\",\"contentUrl\":\"https:\/\/secure.gravatar.com\/avatar\/ed5a477355a6f8c0448e4c44bf7fecaa?s=96&d=mm&r=g\",\"caption\":\"Dani Marketing\"},\"url\":\"https:\/\/criteriabcn.com\/es\/author\/dani\/\"}]}<\/script>\n<!-- \/ Yoast SEO plugin. -->","yoast_head_json":{"title":"La arquitectura emocional - Criteria BCN","robots":{"index":"index","follow":"follow","max-snippet":"max-snippet:-1","max-image-preview":"max-image-preview:large","max-video-preview":"max-video-preview:-1"},"canonical":"https:\/\/criteriabcn.com\/es\/la-arquitectura-emocional\/","og_locale":"es_ES","og_type":"article","og_title":"La arquitectura emocional - Criteria BCN","og_description":"Mathias Goeritz\u00a0(Danzig, 1915 &#8211; Ciudad de M\u00e9xico, 1990) fue un [...]","og_url":"https:\/\/criteriabcn.com\/es\/la-arquitectura-emocional\/","og_site_name":"Criteria BCN","article_published_time":"2023-02-02T09:13:55+00:00","article_modified_time":"2023-02-02T09:16:49+00:00","og_image":[{"width":1200,"height":806,"url":"https:\/\/criteriabcn.com\/wp-content\/uploads\/2023\/02\/Torres-Ciudad-Satelite-03.jpg","type":"image\/jpeg"}],"author":"Dani Marketing","twitter_card":"summary_large_image","twitter_misc":{"Escrito por":"Dani Marketing","Tiempo de lectura":"7 minutos"},"schema":{"@context":"https:\/\/schema.org","@graph":[{"@type":"WebPage","@id":"https:\/\/criteriabcn.com\/es\/la-arquitectura-emocional\/","url":"https:\/\/criteriabcn.com\/es\/la-arquitectura-emocional\/","name":"La arquitectura emocional - Criteria BCN","isPartOf":{"@id":"https:\/\/criteriabcn.com\/es\/#website"},"primaryImageOfPage":{"@id":"https:\/\/criteriabcn.com\/es\/la-arquitectura-emocional\/#primaryimage"},"image":{"@id":"https:\/\/criteriabcn.com\/es\/la-arquitectura-emocional\/#primaryimage"},"thumbnailUrl":"https:\/\/criteriabcn.com\/wp-content\/uploads\/2023\/02\/Torres-Ciudad-Satelite-03.jpg","datePublished":"2023-02-02T09:13:55+00:00","dateModified":"2023-02-02T09:16:49+00:00","author":{"@id":"https:\/\/criteriabcn.com\/es\/#\/schema\/person\/f5612f8d9c55d92b2b69456dc5394132"},"breadcrumb":{"@id":"https:\/\/criteriabcn.com\/es\/la-arquitectura-emocional\/#breadcrumb"},"inLanguage":"es","potentialAction":[{"@type":"ReadAction","target":["https:\/\/criteriabcn.com\/es\/la-arquitectura-emocional\/"]}]},{"@type":"ImageObject","inLanguage":"es","@id":"https:\/\/criteriabcn.com\/es\/la-arquitectura-emocional\/#primaryimage","url":"https:\/\/criteriabcn.com\/wp-content\/uploads\/2023\/02\/Torres-Ciudad-Satelite-03.jpg","contentUrl":"https:\/\/criteriabcn.com\/wp-content\/uploads\/2023\/02\/Torres-Ciudad-Satelite-03.jpg","width":1200,"height":806},{"@type":"BreadcrumbList","@id":"https:\/\/criteriabcn.com\/es\/la-arquitectura-emocional\/#breadcrumb","itemListElement":[{"@type":"ListItem","position":1,"name":"Inici","item":"https:\/\/criteriabcn.com\/es\/"},{"@type":"ListItem","position":2,"name":"La arquitectura emocional"}]},{"@type":"WebSite","@id":"https:\/\/criteriabcn.com\/es\/#website","url":"https:\/\/criteriabcn.com\/es\/","name":"Criteria BCN","description":"La arquitectura de los sentidos","potentialAction":[{"@type":"SearchAction","target":{"@type":"EntryPoint","urlTemplate":"https:\/\/criteriabcn.com\/es\/?s={search_term_string}"},"query-input":{"@type":"PropertyValueSpecification","valueRequired":true,"valueName":"search_term_string"}}],"inLanguage":"es"},{"@type":"Person","@id":"https:\/\/criteriabcn.com\/es\/#\/schema\/person\/f5612f8d9c55d92b2b69456dc5394132","name":"Dani Marketing","image":{"@type":"ImageObject","inLanguage":"es","@id":"https:\/\/criteriabcn.com\/es\/#\/schema\/person\/image\/","url":"https:\/\/secure.gravatar.com\/avatar\/ed5a477355a6f8c0448e4c44bf7fecaa?s=96&d=mm&r=g","contentUrl":"https:\/\/secure.gravatar.com\/avatar\/ed5a477355a6f8c0448e4c44bf7fecaa?s=96&d=mm&r=g","caption":"Dani Marketing"},"url":"https:\/\/criteriabcn.com\/es\/author\/dani\/"}]}},"_links":{"self":[{"href":"https:\/\/criteriabcn.com\/es\/wp-json\/wp\/v2\/posts\/21724","targetHints":{"allow":["GET"]}}],"collection":[{"href":"https:\/\/criteriabcn.com\/es\/wp-json\/wp\/v2\/posts"}],"about":[{"href":"https:\/\/criteriabcn.com\/es\/wp-json\/wp\/v2\/types\/post"}],"author":[{"embeddable":true,"href":"https:\/\/criteriabcn.com\/es\/wp-json\/wp\/v2\/users\/6"}],"replies":[{"embeddable":true,"href":"https:\/\/criteriabcn.com\/es\/wp-json\/wp\/v2\/comments?post=21724"}],"version-history":[{"count":6,"href":"https:\/\/criteriabcn.com\/es\/wp-json\/wp\/v2\/posts\/21724\/revisions"}],"predecessor-version":[{"id":21732,"href":"https:\/\/criteriabcn.com\/es\/wp-json\/wp\/v2\/posts\/21724\/revisions\/21732"}],"wp:featuredmedia":[{"embeddable":true,"href":"https:\/\/criteriabcn.com\/es\/wp-json\/wp\/v2\/media\/21730"}],"wp:attachment":[{"href":"https:\/\/criteriabcn.com\/es\/wp-json\/wp\/v2\/media?parent=21724"}],"wp:term":[{"taxonomy":"category","embeddable":true,"href":"https:\/\/criteriabcn.com\/es\/wp-json\/wp\/v2\/categories?post=21724"},{"taxonomy":"post_tag","embeddable":true,"href":"https:\/\/criteriabcn.com\/es\/wp-json\/wp\/v2\/tags?post=21724"}],"curies":[{"name":"wp","href":"https:\/\/api.w.org\/{rel}","templated":true}]}}