{"id":22026,"date":"2024-11-21T11:37:59","date_gmt":"2024-11-21T10:37:59","guid":{"rendered":"https:\/\/criteriabcn.com\/?p=22026"},"modified":"2024-11-21T11:44:29","modified_gmt":"2024-11-21T10:44:29","slug":"la-arquitectura-de-los-sentidos-como-nuestras-vivencias-configuran-la-creatividad-en-el-diseno","status":"publish","type":"post","link":"https:\/\/criteriabcn.com\/es\/la-arquitectura-de-los-sentidos-como-nuestras-vivencias-configuran-la-creatividad-en-el-diseno\/","title":{"rendered":"La Arquitectura de los Sentidos: C\u00f3mo nuestras vivencias configuran la creatividad en el dise\u00f1o"},"content":{"rendered":"<p>La arquitectura, m\u00e1s que una ciencia, es un arte que abarca mucho m\u00e1s que la creaci\u00f3n de edificios funcionales. El dise\u00f1o arquitect\u00f3nico est\u00e1 profundamente ligado a la experiencia humana, a c\u00f3mo percibimos y sentimos los espacios que habitamos. Al recorrer las obras de arquitectos como <b><a href=\"https:\/\/es.wikipedia.org\/wiki\/Peter_Zumthor\" target=\"_blank\" rel=\"noopener\">Peter Zumthor<\/a>, <a href=\"https:\/\/es.wikipedia.org\/wiki\/Alvar_Aalto\" target=\"_blank\" rel=\"noopener\">Alvar Aalto<\/a> o <a href=\"https:\/\/es.wikipedia.org\/wiki\/Luis_Barrag%C3%A1n\" target=\"_blank\" rel=\"noopener\">Luis Barrag\u00e1n<\/a>,<\/b> descubrimos que los edificios no solo est\u00e1n hechos de materiales y formas, sino que est\u00e1n impregnados de sensaciones, recuerdos y emociones que configuran nuestra manera de relacionarnos con el mundo.<\/p>\n<p>La obra de<b> Peter Zumthor <\/b>es un claro ejemplo de esta conexi\u00f3n emocional que la arquitectura puede provocar. En sus dise\u00f1os, la experiencia sensorial es tan importante como la forma o la funci\u00f3n. <b>Zumthor<\/b> pone especial \u00e9nfasis en el uso de materiales que generan texturas, sonidos y temperaturas que afectan directamente a c\u00f3mo el usuario se siente en un espacio. En su famosa <i>Termas de Vals,<\/i> por ejemplo, el agua, la piedra y la luz se combinan para ofrecer una experiencia \u00fanica, casi t\u00e1ctil, que hace que cada visitante no solo vea, sino que sienta el lugar.<\/p>\n<p>Esta atenci\u00f3n al detalle sensorial es algo que resuena en los conceptos de otros grandes pensadores, como el escritor <b><a href=\"https:\/\/es.wikipedia.org\/wiki\/Gabriel_Garc%C3%ADa_M%C3%A1rquez\" target=\"_blank\" rel=\"noopener\">Gabriel Garc\u00eda M\u00e1rquez<\/a>.<\/b> En sus obras literarias, la magia de los recuerdos y las emociones humanas juega un papel crucial. Para <b>Garc\u00eda M\u00e1rquez,<\/b> la memoria no es solo un archivo de hechos pasados, sino un espacio que vive y respira dentro de nosotros, y que influye en c\u00f3mo vemos el mundo. La arquitectura tambi\u00e9n se nutre de esta idea: los edificios, a menudo, son como recuerdos materializados, lugares que nos permiten reconectar con momentos, sentimientos y sensaciones pasadas.<\/p>\n<p>Pero no es solo la teor\u00eda la que respalda esta visi\u00f3n de la arquitectura como un arte emocional. Practicantes como <b><a href=\"https:\/\/criteriabcn.com\/es\/juhani-pallasmaa-la-aquitectura-y-los-sentidos\/\" target=\"_blank\" rel=\"noopener\">Juhani Pallasmaa<\/a>,<\/b> arquitecto y te\u00f3rico finland\u00e9s, han defendido la importancia de los sentidos en la creaci\u00f3n de espacios. <b>Pallasmaa<\/b> insiste en que la arquitectura no debe ser solo visual; debe involucrar todos los sentidos. En su libro <a href=\"https:\/\/www.amazon.es\/Los-ojos-piel-Juhani-Pallasmaa\/dp\/8425226260\" target=\"_blank\" rel=\"noopener\"><i>Los ojos de la piel<\/i><\/a>, <b>Pallasmaa<\/b> argumenta que los espacios que m\u00e1s nos impactan no son los que simplemente nos impresionan visualmente, sino aquellos que nos invitan a tocarlos, olerlos, escucharlos. De alguna manera, estos espacios se convierten en una extensi\u00f3n de nuestras vivencias.<\/p>\n<div id=\"attachment_22021\" style=\"width: 1034px\" class=\"wp-caption aligncenter\"><img decoding=\"async\" aria-describedby=\"caption-attachment-22021\" class=\"wp-image-22021 size-large\" src=\"https:\/\/criteriabcn.com\/wp-content\/uploads\/2024\/11\/Termas-de-vals-Zumthor-1024x682.jpg\" alt=\"Imagen Termas de Vals de Zumthor\" width=\"1024\" height=\"682\" srcset=\"https:\/\/criteriabcn.com\/wp-content\/uploads\/2024\/11\/Termas-de-vals-Zumthor-200x133.jpg 200w, https:\/\/criteriabcn.com\/wp-content\/uploads\/2024\/11\/Termas-de-vals-Zumthor-300x200.jpg 300w, https:\/\/criteriabcn.com\/wp-content\/uploads\/2024\/11\/Termas-de-vals-Zumthor-400x267.jpg 400w, https:\/\/criteriabcn.com\/wp-content\/uploads\/2024\/11\/Termas-de-vals-Zumthor-600x400.jpg 600w, https:\/\/criteriabcn.com\/wp-content\/uploads\/2024\/11\/Termas-de-vals-Zumthor-768x512.jpg 768w, https:\/\/criteriabcn.com\/wp-content\/uploads\/2024\/11\/Termas-de-vals-Zumthor-800x533.jpg 800w, https:\/\/criteriabcn.com\/wp-content\/uploads\/2024\/11\/Termas-de-vals-Zumthor-1024x682.jpg 1024w, https:\/\/criteriabcn.com\/wp-content\/uploads\/2024\/11\/Termas-de-vals-Zumthor-1200x800.jpg 1200w, https:\/\/criteriabcn.com\/wp-content\/uploads\/2024\/11\/Termas-de-vals-Zumthor-1536x1023.jpg 1536w, https:\/\/criteriabcn.com\/wp-content\/uploads\/2024\/11\/Termas-de-vals-Zumthor.jpg 1600w\" sizes=\"(max-width: 1024px) 100vw, 1024px\" \/><p id=\"caption-attachment-22021\" class=\"wp-caption-text\">Termas de Vals, de Zumthor<\/p><\/div>\n<h2><b>La memoria como materia prima del dise\u00f1o<\/b><\/h2>\n<p>Las vivencias y recuerdos personales son los que, a menudo, informan los proyectos m\u00e1s significativos. Los arquitectos que logran transmitir una sensaci\u00f3n de pertenencia o nostalgia a trav\u00e9s de sus dise\u00f1os no lo hacen por casualidad; est\u00e1n canalizando experiencias universales que todos compartimos. En el caso de <b>Alvar Aalto,<\/b> por ejemplo, <a href=\"https:\/\/criteriabcn.com\/es\/la-humanizacion-de-la-arquitectura\/\" target=\"_blank\" rel=\"noopener\">la relaci\u00f3n de la arquitectura con la naturaleza y la luz fue siempre una prioridad<\/a>, algo que no surgi\u00f3 simplemente de la admiraci\u00f3n por la belleza natural, sino tambi\u00e9n por su experiencia personal de vivir en un entorno que invitaba a la reflexi\u00f3n y al recogimiento. Los materiales, las formas y los espacios que dise\u00f1\u00f3 no solo cumpl\u00edan una funci\u00f3n pr\u00e1ctica, sino que evocaban recuerdos de su infancia en la Finlandia central.<\/p>\n<p><b><a href=\"https:\/\/es.wikipedia.org\/wiki\/Luis_Barrag%C3%A1n\" target=\"_blank\" rel=\"noopener\">Luis Barrag\u00e1n<\/a>,<\/b> por su parte, nos invita a sentir la arquitectura a trav\u00e9s de su uso del color y la luz. Su <i>Casa Estudio en M\u00e9xico,<\/i> con sus paredes de colores vivos, patios y rincones silenciosos, crea un ambiente que no solo es visualmente atractivo, sino que tambi\u00e9n ofrece una sensaci\u00f3n de serenidad y paz. La habilidad de <b>Barrag\u00e1n<\/b> para conjugar el espacio con la luz natural, las sombras y los colores intensos refleja una profunda comprensi\u00f3n de c\u00f3mo los ambientes f\u00edsicos pueden influir en nuestro estado de \u00e1nimo y nuestras emociones.<\/p>\n<div id=\"attachment_22023\" style=\"width: 1034px\" class=\"wp-caption aligncenter\"><img decoding=\"async\" aria-describedby=\"caption-attachment-22023\" class=\"wp-image-22023 size-full\" src=\"https:\/\/criteriabcn.com\/wp-content\/uploads\/2024\/11\/Casa-Estudio-Mexico-Barragan.jpg\" alt=\"Imagen interior de la Casa Estudio de Barragan\" width=\"1024\" height=\"682\" srcset=\"https:\/\/criteriabcn.com\/wp-content\/uploads\/2024\/11\/Casa-Estudio-Mexico-Barragan-200x133.jpg 200w, https:\/\/criteriabcn.com\/wp-content\/uploads\/2024\/11\/Casa-Estudio-Mexico-Barragan-300x200.jpg 300w, https:\/\/criteriabcn.com\/wp-content\/uploads\/2024\/11\/Casa-Estudio-Mexico-Barragan-400x266.jpg 400w, https:\/\/criteriabcn.com\/wp-content\/uploads\/2024\/11\/Casa-Estudio-Mexico-Barragan-600x400.jpg 600w, https:\/\/criteriabcn.com\/wp-content\/uploads\/2024\/11\/Casa-Estudio-Mexico-Barragan-768x512.jpg 768w, https:\/\/criteriabcn.com\/wp-content\/uploads\/2024\/11\/Casa-Estudio-Mexico-Barragan-800x533.jpg 800w, https:\/\/criteriabcn.com\/wp-content\/uploads\/2024\/11\/Casa-Estudio-Mexico-Barragan.jpg 1024w\" sizes=\"(max-width: 1024px) 100vw, 1024px\" \/><p id=\"caption-attachment-22023\" class=\"wp-caption-text\">Casa Estudio de M\u00e9xico, de Barrag\u00e1n<\/p><\/div>\n<h2><b>El reto de dise\u00f1ar para los sentidos<\/b><\/h2>\n<p>Sin embargo, la arquitectura sensorial no es tarea f\u00e1cil. El reto radica en c\u00f3mo traducir estas experiencias personales, estas vivencias, en espacios tangibles que afecten a las personas de manera similar. No se trata solo de elegir materiales o formas atractivas; se trata de crear ambientes que resuenen emocionalmente, que evoquen recuerdos o despierten sensaciones espec\u00edficas. Esto requiere un conocimiento profundo de los usuarios y de c\u00f3mo estos interact\u00faan con su entorno, as\u00ed como una capacidad para imaginar lo intangible, lo que no se ve a simple vista.<\/p>\n<p>En la actualidad, los arquitectos se enfrentan a una era en la que el dise\u00f1o sostenible y la funcionalidad son esenciales. No obstante, la arquitectura sigue siendo, en su n\u00facleo, una forma de arte que debe llegar al coraz\u00f3n de las personas. Y es ah\u00ed donde las experiencias y vivencias personales de quienes dise\u00f1an juegan un papel fundamental. La verdadera innovaci\u00f3n arquitect\u00f3nica no solo busca respuestas funcionales, sino que tambi\u00e9n busca tocar las fibras emocionales del ser humano.<\/p>\n<p>La arquitectura que involucra los sentidos no se queda solo en lo visual. Un buen dise\u00f1o provoca una sensaci\u00f3n, una respuesta emocional, que atraviesa el espacio y la memoria. Cuando miramos, tocamos, olemos o escuchamos un espacio, este se convierte en un eco de nuestras propias vivencias y emociones. As\u00ed, la arquitectura no solo construye el espacio f\u00edsico, sino que tambi\u00e9n edifica un v\u00ednculo entre los recuerdos personales y los lugares que habitamos.<\/p>\n<p>En conclusi\u00f3n, la arquitectura de los sentidos no se limita a ser un estilo; es una forma de entender y conectar con la experiencia humana en su totalidad. Los arquitectos que logran crear espacios que resuenan con nuestras vivencias, recuerdos y emociones nos ense\u00f1an que la creatividad no nace \u00fanicamente de la raz\u00f3n, sino tambi\u00e9n de la memoria sensorial que llevamos dentro. La arquitectura tiene el poder de transformar no solo el espacio, sino la propia forma en que nos sentimos y percibimos el mundo que nos rodea.<\/p>\n","protected":false},"excerpt":{"rendered":"<p>La arquitectura, m\u00e1s que una ciencia, es un arte que  [&#8230;]<\/p>\n","protected":false},"author":6,"featured_media":22019,"comment_status":"open","ping_status":"open","sticky":false,"template":"","format":"standard","meta":{"footnotes":""},"categories":[215],"tags":[454,453,189,552,86,551,437,553,450,554],"class_list":["post-22026","post","type-post","status-publish","format-standard","has-post-thumbnail","hentry","category-arquitectura-de-los-sentidos","tag-aalto-es","tag-arquitectura-es","tag-arquitectura-de-los-sentidos","tag-barragan-es","tag-creatividad-es","tag-juhani","tag-luz","tag-pallasmaa-es","tag-sentidos","tag-zumthor-es"],"yoast_head":"<!-- This site is optimized with the Yoast SEO plugin v24.1 - https:\/\/yoast.com\/wordpress\/plugins\/seo\/ -->\n<title>La Arquitectura de los Sentidos: C\u00f3mo nuestras vivencias configuran la creatividad en el dise\u00f1o - Criteria BCN<\/title>\n<meta name=\"description\" content=\"Exploramos la conexi\u00f3n entre las experiencias personales y la creatividad en la arquitectura, siguiendo las reflexiones de Peter Zumthor, Gabriel Garc\u00eda M\u00e1rquez y Juhani Pallasmaa.\" \/>\n<meta name=\"robots\" content=\"index, follow, max-snippet:-1, max-image-preview:large, max-video-preview:-1\" \/>\n<link rel=\"canonical\" href=\"https:\/\/criteriabcn.com\/es\/la-arquitectura-de-los-sentidos-como-nuestras-vivencias-configuran-la-creatividad-en-el-diseno\/\" \/>\n<meta property=\"og:locale\" content=\"es_ES\" \/>\n<meta property=\"og:type\" content=\"article\" \/>\n<meta property=\"og:title\" content=\"La Arquitectura de los Sentidos: C\u00f3mo nuestras vivencias configuran la creatividad en el dise\u00f1o - Criteria BCN\" \/>\n<meta property=\"og:description\" content=\"Exploramos la conexi\u00f3n entre las experiencias personales y la creatividad en la arquitectura, siguiendo las reflexiones de Peter Zumthor, Gabriel Garc\u00eda M\u00e1rquez y Juhani Pallasmaa.\" \/>\n<meta property=\"og:url\" content=\"https:\/\/criteriabcn.com\/es\/la-arquitectura-de-los-sentidos-como-nuestras-vivencias-configuran-la-creatividad-en-el-diseno\/\" \/>\n<meta property=\"og:site_name\" content=\"Criteria BCN\" \/>\n<meta property=\"article:published_time\" content=\"2024-11-21T10:37:59+00:00\" \/>\n<meta property=\"article:modified_time\" content=\"2024-11-21T10:44:29+00:00\" \/>\n<meta property=\"og:image\" content=\"https:\/\/criteriabcn.com\/wp-content\/uploads\/2024\/11\/Relacion-arquitectura-luz-Gerber-Cana-scaled.jpg\" \/>\n\t<meta property=\"og:image:width\" content=\"2560\" \/>\n\t<meta property=\"og:image:height\" content=\"1707\" \/>\n\t<meta property=\"og:image:type\" content=\"image\/jpeg\" \/>\n<meta name=\"author\" content=\"Dani Marketing\" \/>\n<meta name=\"twitter:card\" content=\"summary_large_image\" \/>\n<meta name=\"twitter:label1\" content=\"Escrito por\" \/>\n\t<meta name=\"twitter:data1\" content=\"Dani Marketing\" \/>\n\t<meta name=\"twitter:label2\" content=\"Tiempo de lectura\" \/>\n\t<meta name=\"twitter:data2\" content=\"6 minutos\" \/>\n<script type=\"application\/ld+json\" class=\"yoast-schema-graph\">{\"@context\":\"https:\/\/schema.org\",\"@graph\":[{\"@type\":\"WebPage\",\"@id\":\"https:\/\/criteriabcn.com\/es\/la-arquitectura-de-los-sentidos-como-nuestras-vivencias-configuran-la-creatividad-en-el-diseno\/\",\"url\":\"https:\/\/criteriabcn.com\/es\/la-arquitectura-de-los-sentidos-como-nuestras-vivencias-configuran-la-creatividad-en-el-diseno\/\",\"name\":\"La Arquitectura de los Sentidos: C\u00f3mo nuestras vivencias configuran la creatividad en el dise\u00f1o - Criteria BCN\",\"isPartOf\":{\"@id\":\"https:\/\/criteriabcn.com\/es\/#website\"},\"primaryImageOfPage\":{\"@id\":\"https:\/\/criteriabcn.com\/es\/la-arquitectura-de-los-sentidos-como-nuestras-vivencias-configuran-la-creatividad-en-el-diseno\/#primaryimage\"},\"image\":{\"@id\":\"https:\/\/criteriabcn.com\/es\/la-arquitectura-de-los-sentidos-como-nuestras-vivencias-configuran-la-creatividad-en-el-diseno\/#primaryimage\"},\"thumbnailUrl\":\"https:\/\/criteriabcn.com\/wp-content\/uploads\/2024\/11\/Relacion-arquitectura-luz-Gerber-Cana-scaled.jpg\",\"datePublished\":\"2024-11-21T10:37:59+00:00\",\"dateModified\":\"2024-11-21T10:44:29+00:00\",\"author\":{\"@id\":\"https:\/\/criteriabcn.com\/es\/#\/schema\/person\/f5612f8d9c55d92b2b69456dc5394132\"},\"description\":\"Exploramos la conexi\u00f3n entre las experiencias personales y la creatividad en la arquitectura, siguiendo las reflexiones de Peter Zumthor, Gabriel Garc\u00eda M\u00e1rquez y Juhani Pallasmaa.\",\"breadcrumb\":{\"@id\":\"https:\/\/criteriabcn.com\/es\/la-arquitectura-de-los-sentidos-como-nuestras-vivencias-configuran-la-creatividad-en-el-diseno\/#breadcrumb\"},\"inLanguage\":\"es\",\"potentialAction\":[{\"@type\":\"ReadAction\",\"target\":[\"https:\/\/criteriabcn.com\/es\/la-arquitectura-de-los-sentidos-como-nuestras-vivencias-configuran-la-creatividad-en-el-diseno\/\"]}]},{\"@type\":\"ImageObject\",\"inLanguage\":\"es\",\"@id\":\"https:\/\/criteriabcn.com\/es\/la-arquitectura-de-los-sentidos-como-nuestras-vivencias-configuran-la-creatividad-en-el-diseno\/#primaryimage\",\"url\":\"https:\/\/criteriabcn.com\/wp-content\/uploads\/2024\/11\/Relacion-arquitectura-luz-Gerber-Cana-scaled.jpg\",\"contentUrl\":\"https:\/\/criteriabcn.com\/wp-content\/uploads\/2024\/11\/Relacion-arquitectura-luz-Gerber-Cana-scaled.jpg\",\"width\":2560,\"height\":1707,\"caption\":\"Ventanal que deja pasar la luz natural en el interior de un edificio\"},{\"@type\":\"BreadcrumbList\",\"@id\":\"https:\/\/criteriabcn.com\/es\/la-arquitectura-de-los-sentidos-como-nuestras-vivencias-configuran-la-creatividad-en-el-diseno\/#breadcrumb\",\"itemListElement\":[{\"@type\":\"ListItem\",\"position\":1,\"name\":\"Inici\",\"item\":\"https:\/\/criteriabcn.com\/es\/\"},{\"@type\":\"ListItem\",\"position\":2,\"name\":\"La Arquitectura de los Sentidos: C\u00f3mo nuestras vivencias configuran la creatividad en el dise\u00f1o\"}]},{\"@type\":\"WebSite\",\"@id\":\"https:\/\/criteriabcn.com\/es\/#website\",\"url\":\"https:\/\/criteriabcn.com\/es\/\",\"name\":\"Criteria BCN\",\"description\":\"La arquitectura de los sentidos\",\"potentialAction\":[{\"@type\":\"SearchAction\",\"target\":{\"@type\":\"EntryPoint\",\"urlTemplate\":\"https:\/\/criteriabcn.com\/es\/?s={search_term_string}\"},\"query-input\":{\"@type\":\"PropertyValueSpecification\",\"valueRequired\":true,\"valueName\":\"search_term_string\"}}],\"inLanguage\":\"es\"},{\"@type\":\"Person\",\"@id\":\"https:\/\/criteriabcn.com\/es\/#\/schema\/person\/f5612f8d9c55d92b2b69456dc5394132\",\"name\":\"Dani Marketing\",\"image\":{\"@type\":\"ImageObject\",\"inLanguage\":\"es\",\"@id\":\"https:\/\/criteriabcn.com\/es\/#\/schema\/person\/image\/\",\"url\":\"https:\/\/secure.gravatar.com\/avatar\/ed5a477355a6f8c0448e4c44bf7fecaa?s=96&d=mm&r=g\",\"contentUrl\":\"https:\/\/secure.gravatar.com\/avatar\/ed5a477355a6f8c0448e4c44bf7fecaa?s=96&d=mm&r=g\",\"caption\":\"Dani Marketing\"},\"url\":\"https:\/\/criteriabcn.com\/es\/author\/dani\/\"}]}<\/script>\n<!-- \/ Yoast SEO plugin. -->","yoast_head_json":{"title":"La Arquitectura de los Sentidos: C\u00f3mo nuestras vivencias configuran la creatividad en el dise\u00f1o - Criteria BCN","description":"Exploramos la conexi\u00f3n entre las experiencias personales y la creatividad en la arquitectura, siguiendo las reflexiones de Peter Zumthor, Gabriel Garc\u00eda M\u00e1rquez y Juhani Pallasmaa.","robots":{"index":"index","follow":"follow","max-snippet":"max-snippet:-1","max-image-preview":"max-image-preview:large","max-video-preview":"max-video-preview:-1"},"canonical":"https:\/\/criteriabcn.com\/es\/la-arquitectura-de-los-sentidos-como-nuestras-vivencias-configuran-la-creatividad-en-el-diseno\/","og_locale":"es_ES","og_type":"article","og_title":"La Arquitectura de los Sentidos: C\u00f3mo nuestras vivencias configuran la creatividad en el dise\u00f1o - Criteria BCN","og_description":"Exploramos la conexi\u00f3n entre las experiencias personales y la creatividad en la arquitectura, siguiendo las reflexiones de Peter Zumthor, Gabriel Garc\u00eda M\u00e1rquez y Juhani Pallasmaa.","og_url":"https:\/\/criteriabcn.com\/es\/la-arquitectura-de-los-sentidos-como-nuestras-vivencias-configuran-la-creatividad-en-el-diseno\/","og_site_name":"Criteria BCN","article_published_time":"2024-11-21T10:37:59+00:00","article_modified_time":"2024-11-21T10:44:29+00:00","og_image":[{"width":2560,"height":1707,"url":"https:\/\/criteriabcn.com\/wp-content\/uploads\/2024\/11\/Relacion-arquitectura-luz-Gerber-Cana-scaled.jpg","type":"image\/jpeg"}],"author":"Dani Marketing","twitter_card":"summary_large_image","twitter_misc":{"Escrito por":"Dani Marketing","Tiempo de lectura":"6 minutos"},"schema":{"@context":"https:\/\/schema.org","@graph":[{"@type":"WebPage","@id":"https:\/\/criteriabcn.com\/es\/la-arquitectura-de-los-sentidos-como-nuestras-vivencias-configuran-la-creatividad-en-el-diseno\/","url":"https:\/\/criteriabcn.com\/es\/la-arquitectura-de-los-sentidos-como-nuestras-vivencias-configuran-la-creatividad-en-el-diseno\/","name":"La Arquitectura de los Sentidos: C\u00f3mo nuestras vivencias configuran la creatividad en el dise\u00f1o - Criteria BCN","isPartOf":{"@id":"https:\/\/criteriabcn.com\/es\/#website"},"primaryImageOfPage":{"@id":"https:\/\/criteriabcn.com\/es\/la-arquitectura-de-los-sentidos-como-nuestras-vivencias-configuran-la-creatividad-en-el-diseno\/#primaryimage"},"image":{"@id":"https:\/\/criteriabcn.com\/es\/la-arquitectura-de-los-sentidos-como-nuestras-vivencias-configuran-la-creatividad-en-el-diseno\/#primaryimage"},"thumbnailUrl":"https:\/\/criteriabcn.com\/wp-content\/uploads\/2024\/11\/Relacion-arquitectura-luz-Gerber-Cana-scaled.jpg","datePublished":"2024-11-21T10:37:59+00:00","dateModified":"2024-11-21T10:44:29+00:00","author":{"@id":"https:\/\/criteriabcn.com\/es\/#\/schema\/person\/f5612f8d9c55d92b2b69456dc5394132"},"description":"Exploramos la conexi\u00f3n entre las experiencias personales y la creatividad en la arquitectura, siguiendo las reflexiones de Peter Zumthor, Gabriel Garc\u00eda M\u00e1rquez y Juhani Pallasmaa.","breadcrumb":{"@id":"https:\/\/criteriabcn.com\/es\/la-arquitectura-de-los-sentidos-como-nuestras-vivencias-configuran-la-creatividad-en-el-diseno\/#breadcrumb"},"inLanguage":"es","potentialAction":[{"@type":"ReadAction","target":["https:\/\/criteriabcn.com\/es\/la-arquitectura-de-los-sentidos-como-nuestras-vivencias-configuran-la-creatividad-en-el-diseno\/"]}]},{"@type":"ImageObject","inLanguage":"es","@id":"https:\/\/criteriabcn.com\/es\/la-arquitectura-de-los-sentidos-como-nuestras-vivencias-configuran-la-creatividad-en-el-diseno\/#primaryimage","url":"https:\/\/criteriabcn.com\/wp-content\/uploads\/2024\/11\/Relacion-arquitectura-luz-Gerber-Cana-scaled.jpg","contentUrl":"https:\/\/criteriabcn.com\/wp-content\/uploads\/2024\/11\/Relacion-arquitectura-luz-Gerber-Cana-scaled.jpg","width":2560,"height":1707,"caption":"Ventanal que deja pasar la luz natural en el interior de un edificio"},{"@type":"BreadcrumbList","@id":"https:\/\/criteriabcn.com\/es\/la-arquitectura-de-los-sentidos-como-nuestras-vivencias-configuran-la-creatividad-en-el-diseno\/#breadcrumb","itemListElement":[{"@type":"ListItem","position":1,"name":"Inici","item":"https:\/\/criteriabcn.com\/es\/"},{"@type":"ListItem","position":2,"name":"La Arquitectura de los Sentidos: C\u00f3mo nuestras vivencias configuran la creatividad en el dise\u00f1o"}]},{"@type":"WebSite","@id":"https:\/\/criteriabcn.com\/es\/#website","url":"https:\/\/criteriabcn.com\/es\/","name":"Criteria BCN","description":"La arquitectura de los sentidos","potentialAction":[{"@type":"SearchAction","target":{"@type":"EntryPoint","urlTemplate":"https:\/\/criteriabcn.com\/es\/?s={search_term_string}"},"query-input":{"@type":"PropertyValueSpecification","valueRequired":true,"valueName":"search_term_string"}}],"inLanguage":"es"},{"@type":"Person","@id":"https:\/\/criteriabcn.com\/es\/#\/schema\/person\/f5612f8d9c55d92b2b69456dc5394132","name":"Dani Marketing","image":{"@type":"ImageObject","inLanguage":"es","@id":"https:\/\/criteriabcn.com\/es\/#\/schema\/person\/image\/","url":"https:\/\/secure.gravatar.com\/avatar\/ed5a477355a6f8c0448e4c44bf7fecaa?s=96&d=mm&r=g","contentUrl":"https:\/\/secure.gravatar.com\/avatar\/ed5a477355a6f8c0448e4c44bf7fecaa?s=96&d=mm&r=g","caption":"Dani Marketing"},"url":"https:\/\/criteriabcn.com\/es\/author\/dani\/"}]}},"_links":{"self":[{"href":"https:\/\/criteriabcn.com\/es\/wp-json\/wp\/v2\/posts\/22026","targetHints":{"allow":["GET"]}}],"collection":[{"href":"https:\/\/criteriabcn.com\/es\/wp-json\/wp\/v2\/posts"}],"about":[{"href":"https:\/\/criteriabcn.com\/es\/wp-json\/wp\/v2\/types\/post"}],"author":[{"embeddable":true,"href":"https:\/\/criteriabcn.com\/es\/wp-json\/wp\/v2\/users\/6"}],"replies":[{"embeddable":true,"href":"https:\/\/criteriabcn.com\/es\/wp-json\/wp\/v2\/comments?post=22026"}],"version-history":[{"count":3,"href":"https:\/\/criteriabcn.com\/es\/wp-json\/wp\/v2\/posts\/22026\/revisions"}],"predecessor-version":[{"id":22031,"href":"https:\/\/criteriabcn.com\/es\/wp-json\/wp\/v2\/posts\/22026\/revisions\/22031"}],"wp:featuredmedia":[{"embeddable":true,"href":"https:\/\/criteriabcn.com\/es\/wp-json\/wp\/v2\/media\/22019"}],"wp:attachment":[{"href":"https:\/\/criteriabcn.com\/es\/wp-json\/wp\/v2\/media?parent=22026"}],"wp:term":[{"taxonomy":"category","embeddable":true,"href":"https:\/\/criteriabcn.com\/es\/wp-json\/wp\/v2\/categories?post=22026"},{"taxonomy":"post_tag","embeddable":true,"href":"https:\/\/criteriabcn.com\/es\/wp-json\/wp\/v2\/tags?post=22026"}],"curies":[{"name":"wp","href":"https:\/\/api.w.org\/{rel}","templated":true}]}}